{"id":49269,"date":"2023-05-29T22:53:45","date_gmt":"2023-05-30T01:53:45","guid":{"rendered":"https:\/\/www.portalalerta.com.br\/?p=49269"},"modified":"2023-05-29T22:53:46","modified_gmt":"2023-05-30T01:53:46","slug":"aviao-de-igreja-usado-por-tio-de-damares-e-apreendido-pela-pf-com-290-kg-de-maconha","status":"publish","type":"post","link":"https:\/\/www.portalalerta.com.br\/index.php\/2023\/05\/29\/aviao-de-igreja-usado-por-tio-de-damares-e-apreendido-pela-pf-com-290-kg-de-maconha\/","title":{"rendered":"Avi\u00e3o de igreja usado por tio de Damares \u00e9 apreendido pela PF com 290 kg de maconha"},"content":{"rendered":"\n<p>A Pol\u00edcia Federal (PF) deteve uma pessoa e apreendeu 290 kg de maconha em um\u00a0avi\u00e3o monomotor\u00a0em\u00a0Bel\u00e9m, no\u00a0Par\u00e1. A\u00a0<strong>CNN<\/strong>\u00a0apurou que a aeronave \u00e9 utilizada pelo ex-deputado federal Josu\u00e9 Bengtson, tio da senadora e ex-ministra\u00a0Damares Alves.<\/p>\n\n\n\n<!--more-->\n\n\n\n<p>Al\u00e9m disso, o ve\u00edculo est\u00e1 em nome da Igreja Quadrangular, na qual Bengston \u00e9 pastor e l\u00edder no Par\u00e1.<\/p>\n\n\n\n<p>Ainda segundo a PF, a droga seria levada para Petrolina, em Pernambuco. A abordagem aconteceu no s\u00e1bado (27), pouco antes das 07h30, hor\u00e1rio previsto para a decolagem em um hangar de voos particulares do Aeroporto Internacional de Bel\u00e9m.<\/p>\n\n\n<div class=\"wp-block-image\">\n<figure class=\"alignleft size-full\"><img fetchpriority=\"high\" decoding=\"async\" width=\"400\" height=\"300\" src=\"https:\/\/www.portalalerta.com.br\/wp-content\/uploads\/2023\/01\/Auto-Escola-Sonho.jpg\" alt=\"\" class=\"wp-image-47083\" srcset=\"https:\/\/www.portalalerta.com.br\/wp-content\/uploads\/2023\/01\/Auto-Escola-Sonho.jpg 400w, https:\/\/www.portalalerta.com.br\/wp-content\/uploads\/2023\/01\/Auto-Escola-Sonho-320x240.jpg 320w\" sizes=\"(max-width: 400px) 100vw, 400px\" \/><\/figure><\/div>\n\n\n<p>O suspeito caminhava pelo p\u00e1tio em dire\u00e7\u00e3o ao avi\u00e3o e, ao ver as autoridades, correu para fora do aeroporto, mas foi alcan\u00e7ado, de acordo com a pol\u00edcia.<\/p>\n\n\n\n<p><strong><em>\u201cA droga ocupava todo o espa\u00e7o que sobrava na aeronave, al\u00e9m dos assentos para um passageiro e o piloto\u201d<\/em><\/strong>, explica a nota da PF.<\/p>\n\n\n\n<p>Um inqu\u00e9rito foi aberto para apurar o crime, e o avi\u00e3o foi apreendido, assim como o celular do homem detido. <strong><em>\u201cO piloto n\u00e3o foi preso, pois n\u00e3o foi verificada participa\u00e7\u00e3o dele no crime\u201d<\/em><\/strong>, concluiu a pol\u00edcia.<\/p>\n\n\n\n<p>Em nota, a assessoria de Damares confirmou o parentesco entre a ex-ministra e Bengston e disse que, sobre o caso, <strong><em>\u201ca senadora tomou conhecimento hoje pela manh\u00e3, atrav\u00e9s da imprensa\u201d<\/em><\/strong>.<\/p>\n\n\n\n<p>Ainda de acordo com a nota enviada \u00e0&nbsp;<strong>CNN<\/strong>, ela entrou em contato com a fam\u00edlia e <strong><em>\u201cfoi informada que a den\u00fancia \u00e0 Pol\u00edcia Federal sobre uma carga suspeita carregada na aeronave foi realizada pelos respons\u00e1veis pelo avi\u00e3o, ou seja, pela pr\u00f3pria Igreja\u201d<\/em><\/strong>.<\/p>\n\n\n\n<p>A&nbsp;<strong>CNN<\/strong>&nbsp;procurou a Igreja Quadrangular e aguarda retorno.<\/p>\n\n\n<div class=\"wp-block-image\">\n<figure class=\"aligncenter size-full\"><img decoding=\"async\" width=\"500\" height=\"400\" src=\"https:\/\/www.portalalerta.com.br\/wp-content\/uploads\/2023\/05\/trafico-de-drogas-em-Belem-2023-1.jpg\" alt=\"\" class=\"wp-image-49270\" srcset=\"https:\/\/www.portalalerta.com.br\/wp-content\/uploads\/2023\/05\/trafico-de-drogas-em-Belem-2023-1.jpg 500w, https:\/\/www.portalalerta.com.br\/wp-content\/uploads\/2023\/05\/trafico-de-drogas-em-Belem-2023-1-300x240.jpg 300w\" sizes=\"(max-width: 500px) 100vw, 500px\" \/><figcaption class=\"wp-element-caption\">Pol\u00edcia Federal apreende 290 kg de maconha em avi\u00e3o <br>de Igreja Quadrangular \/ Divulga\u00e7\u00e3o\/Pol\u00edcia Federal<\/figcaption><\/figure><\/div>\n\n\n<p><em>Fonte: CNN<\/em><\/p>\n","protected":false},"excerpt":{"rendered":"<p>A Pol\u00edcia Federal (PF) deteve uma pessoa e apreendeu 290 kg de maconha em um\u00a0avi\u00e3o monomotor\u00a0em\u00a0Bel\u00e9m, no\u00a0Par\u00e1. A\u00a0CNN\u00a0apurou que a aeronave \u00e9 utilizada pelo ex-deputado federal Josu\u00e9 Bengtson, tio da senadora e ex-ministra\u00a0Damares Alves.<\/p>\n","protected":false},"author":2,"featured_media":49271,"comment_status":"open","ping_status":"open","sticky":false,"template":"","format":"standard","meta":{"om_disable_all_campaigns":false,"_monsterinsights_skip_tracking":false,"_monsterinsights_sitenote_active":false,"_monsterinsights_sitenote_note":"","_monsterinsights_sitenote_category":0,"footnotes":""},"categories":[34,70,69,22],"tags":[100,71,48,324,2614,93,75,4178,4180,129,107,4181,817,132,230,106,203,120,51,109,88,47,111,76,190],"class_list":["post-49269","post","type-post","status-publish","format-standard","has-post-thumbnail","hentry","category-brasil","category-destaques","category-noticias2","category-seguranca","tag-adustina","tag-antas","tag-araci","tag-aviao","tag-belem","tag-brasil","tag-cicero-dantas","tag-cipo-2","tag-crisopolis-2","tag-euclides-da-cunha","tag-fatima","tag-heliopolis-2","tag-igreja","tag-itapicuru","tag-jeremoabo","tag-nova-soure","tag-novo-triunfo","tag-olindina","tag-paripiranga","tag-quijingue","tag-ribeira-do-amparo","tag-ribeira-do-pombal","tag-sitio-do-quinto","tag-trafico-de-drogas","tag-tucano"],"aioseo_notices":[],"_links":{"self":[{"href":"https:\/\/www.portalalerta.com.br\/index.php\/wp-json\/wp\/v2\/posts\/49269","targetHints":{"allow":["GET"]}}],"collection":[{"href":"https:\/\/www.portalalerta.com.br\/index.php\/wp-json\/wp\/v2\/posts"}],"about":[{"href":"https:\/\/www.portalalerta.com.br\/index.php\/wp-json\/wp\/v2\/types\/post"}],"author":[{"embeddable":true,"href":"https:\/\/www.portalalerta.com.br\/index.php\/wp-json\/wp\/v2\/users\/2"}],"replies":[{"embeddable":true,"href":"https:\/\/www.portalalerta.com.br\/index.php\/wp-json\/wp\/v2\/comments?post=49269"}],"version-history":[{"count":1,"href":"https:\/\/www.portalalerta.com.br\/index.php\/wp-json\/wp\/v2\/posts\/49269\/revisions"}],"predecessor-version":[{"id":49272,"href":"https:\/\/www.portalalerta.com.br\/index.php\/wp-json\/wp\/v2\/posts\/49269\/revisions\/49272"}],"wp:featuredmedia":[{"embeddable":true,"href":"https:\/\/www.portalalerta.com.br\/index.php\/wp-json\/wp\/v2\/media\/49271"}],"wp:attachment":[{"href":"https:\/\/www.portalalerta.com.br\/index.php\/wp-json\/wp\/v2\/media?parent=49269"}],"wp:term":[{"taxonomy":"category","embeddable":true,"href":"https:\/\/www.portalalerta.com.br\/index.php\/wp-json\/wp\/v2\/categories?post=49269"},{"taxonomy":"post_tag","embeddable":true,"href":"https:\/\/www.portalalerta.com.br\/index.php\/wp-json\/wp\/v2\/tags?post=49269"}],"curies":[{"name":"wp","href":"https:\/\/api.w.org\/{rel}","templated":true}]}}