{"id":49276,"date":"2023-05-29T23:32:36","date_gmt":"2023-05-30T02:32:36","guid":{"rendered":"https:\/\/www.portalalerta.com.br\/?p=49276"},"modified":"2023-05-29T23:32:37","modified_gmt":"2023-05-30T02:32:37","slug":"visita-de-maduro-ao-brasil-piora-clima-no-congresso-em-semana-decisiva-para-o-governo","status":"publish","type":"post","link":"https:\/\/www.portalalerta.com.br\/index.php\/2023\/05\/29\/visita-de-maduro-ao-brasil-piora-clima-no-congresso-em-semana-decisiva-para-o-governo\/","title":{"rendered":"Visita de Maduro ao Brasil piora clima no Congresso em semana decisiva para o governo"},"content":{"rendered":"\n<p>Lula afirmou que Venezuela \u00e9 &#8220;v\u00edtima de narrativa de antidemocracia e autoritarismo&#8221;<\/p>\n\n\n\n<!--more-->\n\n\n\n<p>A\u00a0visita do presidente da Venezuela, Nicol\u00e1s Maduro, ao Brasil, nesta segunda-feira (29), piorou o clima no\u00a0Congresso Nacional\u00a0em rela\u00e7\u00e3o ao governo do presidente Luiz In\u00e1cio Lula da Silva (PT).<\/p>\n\n\n\n<p>Nesta quinta-feira (1\u00ba), C\u00e2mara e Senado devem votar a MP 1154\/23, que definiu um total de 37 minist\u00e9rios para o terceiro mandato de Lula \u00e0 frente da Presid\u00eancia da Rep\u00fablica. Caso o Congresso n\u00e3o avalie a MP, 17 minist\u00e9rios podem desaparecer.<\/p>\n\n\n\n<p>Na \u00faltima semana, o governo sofreu uma derrota ap\u00f3s as pastas do Meio Ambiente e dos Povos Ind\u00edgenas terem sido esvaziadas pelo Congresso.<\/p>\n\n\n\n<p>Com a recep\u00e7\u00e3o pomposa de Maduro e a relativiza\u00e7\u00e3o das agress\u00f5es que seu governo pratica contra a democracia no pa\u00eds vizinho, Lula careceu de pragmatismo pol\u00edtico.<\/p>\n\n\n\n<p>Na avalia\u00e7\u00e3o de congressistas de centro, centro-direita e direita, o discurso de Lula ao lado de Maduro fez crescer o clima de animosidade no Congresso em uma semana decisiva para o governo petista.<\/p>\n\n\n\n<p><strong>Lula diz que Venezuela \u00e9 \u201cv\u00edtima de narrativa de antidemocracia e autoritarismo\u201d<\/strong><\/p>\n\n\n\n<p>O presidente\u00a0Luiz In\u00e1cio Lula da Silva (PT)\u00a0afirmou, nesta segunda-feira (29), que a Venezuela \u00e9\u00a0\u201cv\u00edtima de uma narrativa de antidemocracia e autoritarismo\u201d.<\/p>\n\n\n\n<p><strong><em>\u201cSe eu quiser vencer uma batalha, eu preciso construir uma narrativa para destruir o meu potencial inimigo. Voc\u00ea sabe a narrativa que se construiu contra a Venezuela, de antidemocracia e do autoritarismo\u201d<\/em><\/strong>, disse Lula se dirigindo a Maduro.<\/p>\n\n\n\n<p>De acordo com o petista, cabe \u00e0 Venezuela <strong><em>\u201cmostrar a sua narrativa para que as pessoas possam mudar de opini\u00e3o\u201d<\/em><\/strong>.<\/p>\n\n\n\n<p><strong><em>\u201cEu vou em lugares que as pessoas nem sabem onde fica a Venezuela, mas sabe que a Venezuela tem problema na democracia. \u00c9 preciso que voc\u00ea construa a sua narrativa, e eu acho que, por tudo que conversamos, a sua narrativa vai ser infinitamente melhor do que a que eles t\u00eam contado contra voc\u00ea\u201d<\/em><\/strong>, declarou Lula.<\/p>\n\n\n\n<p><em>Fonte: CNN<\/em><\/p>\n","protected":false},"excerpt":{"rendered":"<p>Lula afirmou que Venezuela \u00e9 &#8220;v\u00edtima de narrativa de antidemocracia e autoritarismo&#8221;<\/p>\n","protected":false},"author":2,"featured_media":49277,"comment_status":"open","ping_status":"open","sticky":false,"template":"","format":"standard","meta":{"om_disable_all_campaigns":false,"_monsterinsights_skip_tracking":false,"_monsterinsights_sitenote_active":false,"_monsterinsights_sitenote_note":"","_monsterinsights_sitenote_category":0,"footnotes":""},"categories":[34,70,35,69,21],"tags":[100,71,48,93,75,4178,234,4180,129,107,4181,132,230,303,339,6146,106,203,120,51,109,88,47,111,190,326],"class_list":["post-49276","post","type-post","status-publish","format-standard","has-post-thumbnail","hentry","category-brasil","category-destaques","category-mundo","category-noticias2","category-politica","tag-adustina","tag-antas","tag-araci","tag-brasil","tag-cicero-dantas","tag-cipo-2","tag-congresso-nacional","tag-crisopolis-2","tag-euclides-da-cunha","tag-fatima","tag-heliopolis-2","tag-itapicuru","tag-jeremoabo","tag-lula","tag-mundo","tag-nicolas-maduro-2","tag-nova-soure","tag-novo-triunfo","tag-olindina","tag-paripiranga","tag-quijingue","tag-ribeira-do-amparo","tag-ribeira-do-pombal","tag-sitio-do-quinto","tag-tucano","tag-venezuela"],"aioseo_notices":[],"_links":{"self":[{"href":"https:\/\/www.portalalerta.com.br\/index.php\/wp-json\/wp\/v2\/posts\/49276","targetHints":{"allow":["GET"]}}],"collection":[{"href":"https:\/\/www.portalalerta.com.br\/index.php\/wp-json\/wp\/v2\/posts"}],"about":[{"href":"https:\/\/www.portalalerta.com.br\/index.php\/wp-json\/wp\/v2\/types\/post"}],"author":[{"embeddable":true,"href":"https:\/\/www.portalalerta.com.br\/index.php\/wp-json\/wp\/v2\/users\/2"}],"replies":[{"embeddable":true,"href":"https:\/\/www.portalalerta.com.br\/index.php\/wp-json\/wp\/v2\/comments?post=49276"}],"version-history":[{"count":1,"href":"https:\/\/www.portalalerta.com.br\/index.php\/wp-json\/wp\/v2\/posts\/49276\/revisions"}],"predecessor-version":[{"id":49278,"href":"https:\/\/www.portalalerta.com.br\/index.php\/wp-json\/wp\/v2\/posts\/49276\/revisions\/49278"}],"wp:featuredmedia":[{"embeddable":true,"href":"https:\/\/www.portalalerta.com.br\/index.php\/wp-json\/wp\/v2\/media\/49277"}],"wp:attachment":[{"href":"https:\/\/www.portalalerta.com.br\/index.php\/wp-json\/wp\/v2\/media?parent=49276"}],"wp:term":[{"taxonomy":"category","embeddable":true,"href":"https:\/\/www.portalalerta.com.br\/index.php\/wp-json\/wp\/v2\/categories?post=49276"},{"taxonomy":"post_tag","embeddable":true,"href":"https:\/\/www.portalalerta.com.br\/index.php\/wp-json\/wp\/v2\/tags?post=49276"}],"curies":[{"name":"wp","href":"https:\/\/api.w.org\/{rel}","templated":true}]}}