{"id":49280,"date":"2023-05-30T11:35:25","date_gmt":"2023-05-30T14:35:25","guid":{"rendered":"https:\/\/www.portalalerta.com.br\/?p=49280"},"modified":"2023-05-30T11:35:26","modified_gmt":"2023-05-30T14:35:26","slug":"pgr-associacao-define-lista-triplice-para-sucessao-de-aras-veja-nomes","status":"publish","type":"post","link":"https:\/\/www.portalalerta.com.br\/index.php\/2023\/05\/30\/pgr-associacao-define-lista-triplice-para-sucessao-de-aras-veja-nomes\/","title":{"rendered":"PGR: associa\u00e7\u00e3o define lista tr\u00edplice para sucess\u00e3o de Aras; veja nomes"},"content":{"rendered":"\n<p>Op\u00e7\u00f5es ser\u00e3o entregues ao presidente Luiz In\u00e1cio Lula da Silva (PT); mandat\u00e1rio, por\u00e9m, n\u00e3o tem obriga\u00e7\u00e3o de escolher um dos indicados<\/p>\n\n\n\n<!--more-->\n\n\n\n<p>A Associa\u00e7\u00e3o Nacional dos Procuradores da Rep\u00fablica (ANPR) definiu, nesta segunda-feira (29), os nomes que ir\u00e3o compor a lista tr\u00edplice que ser\u00e1 entregue ao presidente\u00a0Luiz In\u00e1cio Lula da Silva (PT)\u00a0como sugest\u00e3o para ser o pr\u00f3ximo Procurador-Geral da Rep\u00fablica, em substitui\u00e7\u00e3o ao atual,\u00a0Augusto Aras.<\/p>\n\n\n\n<p>A partir de agora, eles far\u00e3o campanha interna para a elei\u00e7\u00e3o, que ocorrer\u00e1 no dia 21 de junho. O mandato do atual procurador-geral acaba em setembro.<\/p>\n\n\n\n<p>Depois, a lista ser\u00e1 entregue a Lula. A elei\u00e7\u00e3o, por\u00e9m, n\u00e3o obriga Lula a indicar nenhum desses nomes.<\/p>\n\n\n\n<p><strong>S\u00e3o eles:<\/strong><\/p>\n\n\n<div class=\"wp-block-image\">\n<figure class=\"alignright size-full is-resized\"><img fetchpriority=\"high\" decoding=\"async\" src=\"https:\/\/www.portalalerta.com.br\/wp-content\/uploads\/2021\/04\/ELAB.jpg\" alt=\"\" class=\"wp-image-34795\" width=\"397\" height=\"317\" srcset=\"https:\/\/www.portalalerta.com.br\/wp-content\/uploads\/2021\/04\/ELAB.jpg 1000w, https:\/\/www.portalalerta.com.br\/wp-content\/uploads\/2021\/04\/ELAB-300x240.jpg 300w, https:\/\/www.portalalerta.com.br\/wp-content\/uploads\/2021\/04\/ELAB-768x614.jpg 768w, https:\/\/www.portalalerta.com.br\/wp-content\/uploads\/2021\/04\/ELAB-183x146.jpg 183w, https:\/\/www.portalalerta.com.br\/wp-content\/uploads\/2021\/04\/ELAB-50x40.jpg 50w, https:\/\/www.portalalerta.com.br\/wp-content\/uploads\/2021\/04\/ELAB-94x75.jpg 94w\" sizes=\"(max-width: 397px) 100vw, 397px\" \/><\/figure><\/div>\n\n\n<ul class=\"wp-block-list\">\n<li>Jos\u00e9 Adonis Callou de Ara\u00fajo S\u00e1<\/li>\n\n\n\n<li>Luiza Cristina Fonseca Frischeisen<\/li>\n\n\n\n<li>Mario Luiz Bonsaglia<\/li>\n<\/ul>\n\n\n\n<p><strong>Saiba quem s\u00e3o os indicados para pr\u00f3ximo PGR<\/strong><\/p>\n\n\n\n<p><strong>Jos\u00e9 Adonis<\/strong><\/p>\n\n\n\n<p>Jos\u00e9 Adonis Callou de Ara\u00fajo S\u00e1 nasceu em Juazeiro do Norte (CE) e se formou em Direito na Universidade Federal do Cear\u00e1 em 1988, onde tamb\u00e9m fez mestrado.<\/p>\n\n\n\n<p>Ele \u00e9 membro do Minist\u00e9rio P\u00fablico Federal desde 10 de abril de 1992, tendo sido procurador da Rep\u00fablica em Pernambuco (1992 a 1996), Rio Grande do Norte (1996) e Cear\u00e1 (1996 a 2001).<\/p>\n\n\n\n<p>Tamb\u00e9m foi promovido, em 2001, a Procurador Regional da Rep\u00fablica na 1\u00aa Regi\u00e3o. Em 2013, iniciou mandato como Procurador-Chefe da Procuradoria Regional da Rep\u00fablica da 1\u00aa Regi\u00e3o.<\/p>\n\n\n\n<p>Em 2014, foi promovido a Subprocurador-Geral da Rep\u00fablica.<\/p>\n\n\n\n<p>Tamb\u00e9m integra o Conselho Superior do Minist\u00e9rio P\u00fablico Federal desde 2019.<\/p>\n\n\n\n<p><strong>Luiza Frischeisen<\/strong><\/p>\n\n\n\n<p>Luiza Cristina Fonseca Frischeisen \u00e9 membro do MPF desde 10 de abril de 1992. Se formou em Direito pela Faculdade de Direito da Universidade do Estado do Rio de<br>Janeiro (UERJ) em 1989.<\/p>\n\n\n\n<p>\u00c9 doutora e mestra em Direito pela Universidade de S\u00e3o Paulo (USP) e pela Pontif\u00edcia Universidade Cat\u00f3lica de S\u00e3o Paulo (PUC-SP), respectivamente.<\/p>\n\n\n\n<p>Foi Procuradora Regional da Rep\u00fablica entre 16 de outubro de 1998 e 5 de outubro de 2015. Desde este mesmo ano, se tornou Subprocuradora-Geral da Rep\u00fablica.<\/p>\n\n\n\n<p>Desde 2017, faz parte do Conselho Superior do Minist\u00e9rio P\u00fablico Federal.<\/p>\n\n\n\n<p><strong>Mario Bonsaglia<\/strong><\/p>\n\n\n\n<p>Mario Luiz Bonsaglia se formou em Direito pela Universidade de S\u00e3o Paulo (USP), onde tamb\u00e9m fez doutorado na \u00e1rea de Direito do Estado.<\/p>\n\n\n\n<p>Em 1991, tomou posse como Procurador da Rep\u00fablica. Em 2014, foi promovido a Subprocurador-Geral da Rep\u00fablica.<\/p>\n\n\n\n<p>Integrou as listas tr\u00edplices para PGR desde 2015.<\/p>\n\n\n\n<p>\u00c9 membro do Conselho Superior do Minist\u00e9rio P\u00fablico Federal desde 2020. Tamb\u00e9m desempenhou essa fun\u00e7\u00e3o entre 2014 e 2018.<\/p>\n\n\n\n<p><em>Fonte: CNN<\/em><\/p>\n","protected":false},"excerpt":{"rendered":"<p>Op\u00e7\u00f5es ser\u00e3o entregues ao presidente Luiz In\u00e1cio Lula da Silva (PT); mandat\u00e1rio, por\u00e9m, n\u00e3o tem obriga\u00e7\u00e3o de escolher um dos indicados<\/p>\n","protected":false},"author":2,"featured_media":49281,"comment_status":"open","ping_status":"open","sticky":false,"template":"","format":"standard","meta":{"om_disable_all_campaigns":false,"_monsterinsights_skip_tracking":false,"_monsterinsights_sitenote_active":false,"_monsterinsights_sitenote_note":"","_monsterinsights_sitenote_category":0,"footnotes":""},"categories":[34,70,69],"tags":[100,71,48,93,75,4178,4180,129,107,4181,132,230,4612,106,203,120,51,411,109,88,47,111,190],"class_list":["post-49280","post","type-post","status-publish","format-standard","has-post-thumbnail","hentry","category-brasil","category-destaques","category-noticias2","tag-adustina","tag-antas","tag-araci","tag-brasil","tag-cicero-dantas","tag-cipo-2","tag-crisopolis-2","tag-euclides-da-cunha","tag-fatima","tag-heliopolis-2","tag-itapicuru","tag-jeremoabo","tag-lista-triplice","tag-nova-soure","tag-novo-triunfo","tag-olindina","tag-paripiranga","tag-pgr","tag-quijingue","tag-ribeira-do-amparo","tag-ribeira-do-pombal","tag-sitio-do-quinto","tag-tucano"],"aioseo_notices":[],"_links":{"self":[{"href":"https:\/\/www.portalalerta.com.br\/index.php\/wp-json\/wp\/v2\/posts\/49280","targetHints":{"allow":["GET"]}}],"collection":[{"href":"https:\/\/www.portalalerta.com.br\/index.php\/wp-json\/wp\/v2\/posts"}],"about":[{"href":"https:\/\/www.portalalerta.com.br\/index.php\/wp-json\/wp\/v2\/types\/post"}],"author":[{"embeddable":true,"href":"https:\/\/www.portalalerta.com.br\/index.php\/wp-json\/wp\/v2\/users\/2"}],"replies":[{"embeddable":true,"href":"https:\/\/www.portalalerta.com.br\/index.php\/wp-json\/wp\/v2\/comments?post=49280"}],"version-history":[{"count":1,"href":"https:\/\/www.portalalerta.com.br\/index.php\/wp-json\/wp\/v2\/posts\/49280\/revisions"}],"predecessor-version":[{"id":49282,"href":"https:\/\/www.portalalerta.com.br\/index.php\/wp-json\/wp\/v2\/posts\/49280\/revisions\/49282"}],"wp:featuredmedia":[{"embeddable":true,"href":"https:\/\/www.portalalerta.com.br\/index.php\/wp-json\/wp\/v2\/media\/49281"}],"wp:attachment":[{"href":"https:\/\/www.portalalerta.com.br\/index.php\/wp-json\/wp\/v2\/media?parent=49280"}],"wp:term":[{"taxonomy":"category","embeddable":true,"href":"https:\/\/www.portalalerta.com.br\/index.php\/wp-json\/wp\/v2\/categories?post=49280"},{"taxonomy":"post_tag","embeddable":true,"href":"https:\/\/www.portalalerta.com.br\/index.php\/wp-json\/wp\/v2\/tags?post=49280"}],"curies":[{"name":"wp","href":"https:\/\/api.w.org\/{rel}","templated":true}]}}