{"id":49283,"date":"2023-05-30T11:42:18","date_gmt":"2023-05-30T14:42:18","guid":{"rendered":"https:\/\/www.portalalerta.com.br\/?p=49283"},"modified":"2023-05-30T11:42:19","modified_gmt":"2023-05-30T14:42:19","slug":"selecao-de-tucano-esta-volta-a-disputa-do-campeonato-intermunicipal-da-bahia","status":"publish","type":"post","link":"https:\/\/www.portalalerta.com.br\/index.php\/2023\/05\/30\/selecao-de-tucano-esta-volta-a-disputa-do-campeonato-intermunicipal-da-bahia\/","title":{"rendered":"Sele\u00e7\u00e3o de Tucano est\u00e1 volta \u00e0 disputa do Campeonato Intermunicipal da Bahia"},"content":{"rendered":"\n<p>Quatro anos depois, a Sele\u00e7\u00e3o de Tucano est\u00e1 de volta \u00e0 disputa do Campeonato Baiano Intermunicipal de Futebol, uma das maiores competi\u00e7\u00f5es n\u00e3o profissionais de futebol do mundo, disputada desde 1946 e organizada pela Federa\u00e7\u00e3o Bahiana de Futebol. O an\u00fancio foi realizado pelo presidente eleito da Liga Tucanense de Futebol, Irax Melo.<\/p>\n\n\n\n<!--more-->\n\n\n\n<p><strong><em>\u201cPrimeiro, \u00e9 importante destacar a reativa\u00e7\u00e3o da nossa\u00a0Liga Esportiva.\u00a0Com a regulariza\u00e7\u00e3o e com o apoio da gest\u00e3o do Prefeito Ricardo Maia, unimos uma equipe muito dedicada e vamos montar uma sele\u00e7\u00e3o forte. Faremos contrata\u00e7\u00f5es, dando prioridade aos jogadores do munic\u00edpio, sempre em decis\u00e3o colegiada. Temos tudo para fazer uma grande competi\u00e7\u00e3o\u201d<\/em><\/strong>, disse Irax.<\/p>\n\n\n<div class=\"wp-block-image\">\n<figure class=\"alignleft size-full\"><img fetchpriority=\"high\" decoding=\"async\" width=\"400\" height=\"300\" src=\"https:\/\/www.portalalerta.com.br\/wp-content\/uploads\/2023\/01\/Auto-Escola-Sonho.jpg\" alt=\"\" class=\"wp-image-47083\" srcset=\"https:\/\/www.portalalerta.com.br\/wp-content\/uploads\/2023\/01\/Auto-Escola-Sonho.jpg 400w, https:\/\/www.portalalerta.com.br\/wp-content\/uploads\/2023\/01\/Auto-Escola-Sonho-320x240.jpg 320w\" sizes=\"(max-width: 400px) 100vw, 400px\" \/><\/figure><\/div>\n\n\n<p>Tucano tem tradi\u00e7\u00e3o no certame e j\u00e1 disputou a competi\u00e7\u00e3o em diversas edi\u00e7\u00f5es. Em 1995, a sele\u00e7\u00e3o disputou a final contra a sele\u00e7\u00e3o de Itapetinga. No primeiro jogo, venceu por 2 a 1. No jogo de volta, deixou escapar o t\u00edtulo perdendo por 2 a 0. No time advers\u00e1rio, o grande destaque era o lateral-direito Tarantini, campe\u00e3o brasileiro pelo Bahia em 1988.<\/p>\n\n\n\n<p>O time base era formado por: <strong>Cl\u00f3vis, Marcos, Nego Geni, Welington e Chune; L\u00e9o, Magno, Natanael e Espedito; Edvaldo e Paulo.<\/strong><\/p>\n\n\n\n<p>Para a atual temporada, Tucano contar\u00e1 com o comando do t\u00e9cnico Edmar Santos, 38 anos, conhecido no mundo do futebol como Edy. Ele tem vasta experi\u00eancia no futebol profissional, atuando como zagueiro na Juazeirense, Atl\u00e9tico de Alagoinhas, Jacuipense, Colo-Colo de Ilh\u00e9us, Jacobina, Cajazeiras FC, Doce Mel, al\u00e9m de Lagartense-SE e Macap\u00e1.<\/p>\n\n\n\n<p><strong><em>\u201cEsperamos fazer um bom campeonato. A Prefeitura tem investido no esporte e muitas competi\u00e7\u00f5es como a Copa Rural e o Campeonato Municipal nos ajudam a formar uma sele\u00e7\u00e3o forte e competitiva. Nossa expectativa \u00e9 a melhor poss\u00edvel\u201d<\/em><\/strong>, disse o Diretor de Esportes Dijair Santana.<\/p>\n\n\n\n<p><strong><em>\u201cVamos participar de uma das melhores competi\u00e7\u00f5es do Estado. Este \u00e9 mais um marco esportivo para a hist\u00f3ria do munic\u00edpio. O Intermunicipal n\u00e3o se resume apenas ao futebol, mas movimenta a economia da cidade, sem falar da ansiedade de atletas, dirigentes, \u00e1rbitros e torcedores. Seguiremos investindo no esporte, transformando cidad\u00e3os de bem e socializando a nossa gente\u201d<\/em><\/strong>, ressaltou o Prefeito Ricardo Maia.<\/p>\n\n\n\n<p><strong>A Competi\u00e7\u00e3o<\/strong><\/p>\n\n\n\n<p>Suspenso por dois anos, devido \u00e0 pandemia do novo coronav\u00edrus, o Intermunicipal da Bahia voltou a ser disputado em 2022. A edi\u00e7\u00e3o teve um campe\u00e3o in\u00e9dito, a sele\u00e7\u00e3o de Quijingue que venceu Itaju\u00edpe na final por 2 a 0 na disputa de p\u00eanaltis, ap\u00f3s vit\u00f3ria pelo placar de 3 a 2, no tempo regulamentar.<\/p>\n\n\n\n<p>Neste ano, a Federa\u00e7\u00e3o Bahiana de Futebol \u2013 FBF divulgar\u00e1 a data da reuni\u00e3o do Conselho T\u00e9cnico, quando ser\u00e1 definida a f\u00f3rmula de disputa e detalhes do regulamento da competi\u00e7\u00e3o. Est\u00e1 programado ainda, o tradicional Congresso do Intermunicipal, evento onde s\u00e3o divulgados grupos e tabela do certame.<\/p>\n\n\n\n<p>O maior campe\u00e3o da hist\u00f3ria do campeonato \u00e9 o Itabuna, com oito t\u00edtulos, os quais foram conquistados em sequ\u00eancia, de 1958 a 1965. Enquanto Feira de Santana, a segunda maior cidade do estado, tem o status de tricampe\u00e3 do torneio, em contrapartida, a capital e maior cidade baiana Salvador n\u00e3o possui sele\u00e7\u00e3o para participar do campeonato.<\/p>\n\n\n\n<p>Entre diversos jogadores que se destacaram no futebol brasileiro e mundial, \u00e9 poss\u00edvel citar nomes como Raimundo Nonato, o Bob\u00f4, campe\u00e3o brasileiro pelo Bahia em 1988 e ex-Sele\u00e7\u00e3o Brasileira, e que iniciou a carreira na Sele\u00e7\u00e3o de Senhor do Bonfim entre 1983 e 1984; Aldair, zagueiro tetracampe\u00e3o do mundo pelo Brasil, que come\u00e7ou na Sele\u00e7\u00e3o de Ilh\u00e9us; Ed\u00edlson Capetinha, pentacampe\u00e3o mundial com Sele\u00e7\u00e3o Brasileira e revelado pelo selecionado de Castro Alves, em 1988 e 1999; J\u00fanior Nagata, tamb\u00e9m penta pelo Brasil e que come\u00e7ou na Sele\u00e7\u00e3o de Santo Ant\u00f4nio de Jesus, em 1993; J\u00fanior Baiano, ex-zagueiro da Sele\u00e7\u00e3o e grandes clubes como Flamengo e S\u00e3o Paulo, revelado em 1987 pela Sele\u00e7\u00e3o de Po\u00e7\u00f5es, e Li\u00e9dson, campe\u00e3o da Libertadores da Am\u00e9rica 2012 pelo Corinthians e ex-atacante da Sele\u00e7\u00e3o de Portugal, na Sele\u00e7\u00e3o de Valen\u00e7a.<\/p>\n\n\n\n<p><em>Fonte: Fique Por Dentro Agora<\/em><\/p>\n\n\n\n<p><em>Com informa\u00e7\u00f5es: SECOM\/ Tucano<\/em><\/p>\n","protected":false},"excerpt":{"rendered":"<p>Quatro anos depois, a Sele\u00e7\u00e3o de Tucano est\u00e1 de volta \u00e0 disputa do Campeonato Baiano Intermunicipal de Futebol, uma das maiores competi\u00e7\u00f5es n\u00e3o profissionais de futebol do mundo, disputada desde 1946 e organizada pela Federa\u00e7\u00e3o Bahiana de Futebol. O an\u00fancio foi realizado pelo presidente eleito da Liga Tucanense de Futebol, Irax Melo.<\/p>\n","protected":false},"author":2,"featured_media":42085,"comment_status":"open","ping_status":"open","sticky":false,"template":"","format":"standard","meta":{"om_disable_all_campaigns":false,"_monsterinsights_skip_tracking":false,"_monsterinsights_sitenote_active":false,"_monsterinsights_sitenote_note":"","_monsterinsights_sitenote_category":0,"footnotes":""},"categories":[70,2,69,32,12],"tags":[100,71,48,75,4178,4180,96,129,107,97,4181,1440,132,230,106,203,120,51,109,88,47,111,190],"class_list":["post-49283","post","type-post","status-publish","format-standard","has-post-thumbnail","hentry","category-destaques","category-esportes","category-noticias2","category-regiao","category-tucano","tag-adustina","tag-antas","tag-araci","tag-cicero-dantas","tag-cipo-2","tag-crisopolis-2","tag-esporte","tag-euclides-da-cunha","tag-fatima","tag-futebol","tag-heliopolis-2","tag-intermunicipal","tag-itapicuru","tag-jeremoabo","tag-nova-soure","tag-novo-triunfo","tag-olindina","tag-paripiranga","tag-quijingue","tag-ribeira-do-amparo","tag-ribeira-do-pombal","tag-sitio-do-quinto","tag-tucano"],"aioseo_notices":[],"_links":{"self":[{"href":"https:\/\/www.portalalerta.com.br\/index.php\/wp-json\/wp\/v2\/posts\/49283","targetHints":{"allow":["GET"]}}],"collection":[{"href":"https:\/\/www.portalalerta.com.br\/index.php\/wp-json\/wp\/v2\/posts"}],"about":[{"href":"https:\/\/www.portalalerta.com.br\/index.php\/wp-json\/wp\/v2\/types\/post"}],"author":[{"embeddable":true,"href":"https:\/\/www.portalalerta.com.br\/index.php\/wp-json\/wp\/v2\/users\/2"}],"replies":[{"embeddable":true,"href":"https:\/\/www.portalalerta.com.br\/index.php\/wp-json\/wp\/v2\/comments?post=49283"}],"version-history":[{"count":1,"href":"https:\/\/www.portalalerta.com.br\/index.php\/wp-json\/wp\/v2\/posts\/49283\/revisions"}],"predecessor-version":[{"id":49284,"href":"https:\/\/www.portalalerta.com.br\/index.php\/wp-json\/wp\/v2\/posts\/49283\/revisions\/49284"}],"wp:featuredmedia":[{"embeddable":true,"href":"https:\/\/www.portalalerta.com.br\/index.php\/wp-json\/wp\/v2\/media\/42085"}],"wp:attachment":[{"href":"https:\/\/www.portalalerta.com.br\/index.php\/wp-json\/wp\/v2\/media?parent=49283"}],"wp:term":[{"taxonomy":"category","embeddable":true,"href":"https:\/\/www.portalalerta.com.br\/index.php\/wp-json\/wp\/v2\/categories?post=49283"},{"taxonomy":"post_tag","embeddable":true,"href":"https:\/\/www.portalalerta.com.br\/index.php\/wp-json\/wp\/v2\/tags?post=49283"}],"curies":[{"name":"wp","href":"https:\/\/api.w.org\/{rel}","templated":true}]}}