{"id":49285,"date":"2023-05-30T11:49:41","date_gmt":"2023-05-30T14:49:41","guid":{"rendered":"https:\/\/www.portalalerta.com.br\/?p=49285"},"modified":"2023-05-30T11:49:42","modified_gmt":"2023-05-30T14:49:42","slug":"anulacao-da-condenacao-de-eduardo-cunha-pelo-stf-entenda-o-caso","status":"publish","type":"post","link":"https:\/\/www.portalalerta.com.br\/index.php\/2023\/05\/30\/anulacao-da-condenacao-de-eduardo-cunha-pelo-stf-entenda-o-caso\/","title":{"rendered":"Anula\u00e7\u00e3o da condena\u00e7\u00e3o de Eduardo Cunha pelo STF: entenda o caso"},"content":{"rendered":"\n<p>O STF decide por anula\u00e7\u00e3o, e Justi\u00e7a Eleitoral assume o caso Eduardo Cunha.<\/p>\n\n\n\n<!--more-->\n\n\n\n<p><strong>Anula\u00e7\u00e3o da condena\u00e7\u00e3o de Eduardo Cunha<\/strong><\/p>\n\n\n\n<p>A Segunda Turma do Supremo Tribunal Federal (STF)\u00a0anulou a condena\u00e7\u00e3o\u00a0do ex-deputado federal Eduardo Cunha, preso na opera\u00e7\u00e3o Lava Jato. O ex-parlamentar havia sido condenado pela Justi\u00e7a Federal do Paran\u00e1 a quase 16 anos de pris\u00e3o por corrup\u00e7\u00e3o passiva e lavagem de dinheiro.<\/p>\n\n\n\n<figure class=\"wp-block-image size-full\"><img decoding=\"async\" src=\"https:\/\/www.portalalerta.com.br\/wp-content\/uploads\/2023\/05\/Real-Calcados-Sao-Joao-2023.jpg\" alt=\"\" class=\"wp-image-49244\"\/><\/figure>\n\n\n\n<p>A decis\u00e3o da corte, por 3 votos a 2, recaiu sobre a compet\u00eancia da Justi\u00e7a Federal do Paran\u00e1 para julgar o caso. Concluiu-se que esta n\u00e3o era a jurisdi\u00e7\u00e3o adequada, o que resultou na anula\u00e7\u00e3o da senten\u00e7a.<\/p>\n\n\n\n<p><strong>Remessa do caso \u00e0 Justi\u00e7a Eleitoral<\/strong><\/p>\n\n\n\n<p>O STF pediu\u00a0o encaminhamento da investiga\u00e7\u00e3o para a Justi\u00e7a Eleitoral. O novo juiz que assumir o caso decidir\u00e1 se revalida ou n\u00e3o a condena\u00e7\u00e3o de Cunha. Ele tamb\u00e9m avaliar\u00e1 a legitimidade das provas e se o processo ser\u00e1 retomado do ponto de partida.<\/p>\n\n\n\n<p><strong>Respostas da defesa e acusa\u00e7\u00e3o<\/strong><\/p>\n\n\n\n<p>A defesa de Eduardo Cunha comemorou a decis\u00e3o do STF, interpretando-a como um reconhecimento de que o ex-deputado foi alvo de \u201cpersegui\u00e7\u00e3o\u201d.<\/p>\n\n\n\n<p>Por outro lado, o Minist\u00e9rio P\u00fablico Federal (MPF) refor\u00e7ou que Cunha foi beneficiado por um suposto pagamento de propina nos contratos de constru\u00e7\u00e3o de navios-sonda da Petrobras. Segundo o \u00f3rg\u00e3o, houve um acordo il\u00edcito entre a estatal e o estaleiro Samsung Heavy Industries que beneficiou o ex-parlamentar.<\/p>\n\n\n\n<p><strong>Pr\u00f3ximos passos no caso Eduardo Cunha<\/strong><\/p>\n\n\n\n<p>Com a decis\u00e3o do STF, o caso Eduardo Cuhna ganha novos contornos. A Justi\u00e7a Eleitoral assume o comando e, a partir de agora, todas as a\u00e7\u00f5es ser\u00e3o analisadas sob a sua chancela. O futuro do ex-deputado est\u00e1 em aberto e \u00e9 necess\u00e1rio aguardar os pr\u00f3ximos passos judiciais\u00a0para compreender as implica\u00e7\u00f5es completas dessa decis\u00e3o.<\/p>\n\n\n\n<p><em>Fonte: Chico Sabe Tudo<\/em><\/p>\n","protected":false},"excerpt":{"rendered":"<p>O STF decide por anula\u00e7\u00e3o, e Justi\u00e7a Eleitoral assume o caso Eduardo Cunha.<\/p>\n","protected":false},"author":2,"featured_media":4071,"comment_status":"open","ping_status":"open","sticky":false,"template":"","format":"standard","meta":{"om_disable_all_campaigns":false,"_monsterinsights_skip_tracking":false,"_monsterinsights_sitenote_active":false,"_monsterinsights_sitenote_note":"","_monsterinsights_sitenote_category":0,"footnotes":""},"categories":[34,70,69,21],"tags":[100,71,48,93,75,4178,316,4180,463,129,107,4181,132,230,218,106,203,120,51,109,88,47,111,216,190],"class_list":["post-49285","post","type-post","status-publish","format-standard","has-post-thumbnail","hentry","category-brasil","category-destaques","category-noticias2","category-politica","tag-adustina","tag-antas","tag-araci","tag-brasil","tag-cicero-dantas","tag-cipo-2","tag-condenacao","tag-crisopolis-2","tag-eduardo-cunha","tag-euclides-da-cunha","tag-fatima","tag-heliopolis-2","tag-itapicuru","tag-jeremoabo","tag-liberdade","tag-nova-soure","tag-novo-triunfo","tag-olindina","tag-paripiranga","tag-quijingue","tag-ribeira-do-amparo","tag-ribeira-do-pombal","tag-sitio-do-quinto","tag-stf","tag-tucano"],"aioseo_notices":[],"_links":{"self":[{"href":"https:\/\/www.portalalerta.com.br\/index.php\/wp-json\/wp\/v2\/posts\/49285","targetHints":{"allow":["GET"]}}],"collection":[{"href":"https:\/\/www.portalalerta.com.br\/index.php\/wp-json\/wp\/v2\/posts"}],"about":[{"href":"https:\/\/www.portalalerta.com.br\/index.php\/wp-json\/wp\/v2\/types\/post"}],"author":[{"embeddable":true,"href":"https:\/\/www.portalalerta.com.br\/index.php\/wp-json\/wp\/v2\/users\/2"}],"replies":[{"embeddable":true,"href":"https:\/\/www.portalalerta.com.br\/index.php\/wp-json\/wp\/v2\/comments?post=49285"}],"version-history":[{"count":1,"href":"https:\/\/www.portalalerta.com.br\/index.php\/wp-json\/wp\/v2\/posts\/49285\/revisions"}],"predecessor-version":[{"id":49286,"href":"https:\/\/www.portalalerta.com.br\/index.php\/wp-json\/wp\/v2\/posts\/49285\/revisions\/49286"}],"wp:featuredmedia":[{"embeddable":true,"href":"https:\/\/www.portalalerta.com.br\/index.php\/wp-json\/wp\/v2\/media\/4071"}],"wp:attachment":[{"href":"https:\/\/www.portalalerta.com.br\/index.php\/wp-json\/wp\/v2\/media?parent=49285"}],"wp:term":[{"taxonomy":"category","embeddable":true,"href":"https:\/\/www.portalalerta.com.br\/index.php\/wp-json\/wp\/v2\/categories?post=49285"},{"taxonomy":"post_tag","embeddable":true,"href":"https:\/\/www.portalalerta.com.br\/index.php\/wp-json\/wp\/v2\/tags?post=49285"}],"curies":[{"name":"wp","href":"https:\/\/api.w.org\/{rel}","templated":true}]}}