{"id":49454,"date":"2023-06-12T22:27:11","date_gmt":"2023-06-13T01:27:11","guid":{"rendered":"https:\/\/www.portalalerta.com.br\/?p=49454"},"modified":"2023-06-12T22:27:12","modified_gmt":"2023-06-13T01:27:12","slug":"previsoes-para-baixo-da-inflacao-abrem-espaco-para-corte-de-juros-diz-campos-neto","status":"publish","type":"post","link":"https:\/\/www.portalalerta.com.br\/index.php\/2023\/06\/12\/previsoes-para-baixo-da-inflacao-abrem-espaco-para-corte-de-juros-diz-campos-neto\/","title":{"rendered":"Previs\u00f5es para baixo da infla\u00e7\u00e3o abrem espa\u00e7o para corte de juros, diz Campos Neto"},"content":{"rendered":"\n<p>Nesta segunda-feira (12) que o custo de cr\u00e9dito tem ca\u00eddo, porque ele n\u00e3o est\u00e1 associado \u00e0\u00a0Selic, mas sim ao comportamento dos\u00a0juros\u00a0futuros de longo prazo.<\/p>\n\n\n\n<!--more-->\n\n\n\n<p><strong><em>\u201c\u00c9 essa taxa de juros longa cair \u00e9 que abre espa\u00e7o para a Selic cair. Porque se a Selic cai com a taxa de juros longa acima, demonstra uma falta de credibilidade na pol\u00edtica monet\u00e1ria e a taxa de juros longa sobe mais ainda\u201d<\/em><\/strong>, afirmou, em evento promovido pelo Instituto para Desenvolvimento do Varejo (IDV).<\/p>\n\n\n\n<p>Aos empres\u00e1rios, Campos Neto disse que os dados do&nbsp;<a href=\"https:\/\/www.cnnbrasil.com.br\/tudo-sobre\/banco-central\">BC<\/a>&nbsp;apontam que o prazo m\u00e9dio da d\u00edvida do varejo \u00e9 de 3,1 anos. Segundo ele, a taxa de juros nesse intervalo caiu de 13,5% para 10,5% no \u00faltimo m\u00eas e meio.<\/p>\n\n\n<div class=\"wp-block-image\">\n<figure class=\"alignleft size-full\"><img fetchpriority=\"high\" decoding=\"async\" width=\"400\" height=\"300\" src=\"https:\/\/www.portalalerta.com.br\/wp-content\/uploads\/2023\/01\/Auto-Escola-Sonho.jpg\" alt=\"\" class=\"wp-image-47083\" srcset=\"https:\/\/www.portalalerta.com.br\/wp-content\/uploads\/2023\/01\/Auto-Escola-Sonho.jpg 400w, https:\/\/www.portalalerta.com.br\/wp-content\/uploads\/2023\/01\/Auto-Escola-Sonho-320x240.jpg 320w\" sizes=\"(max-width: 400px) 100vw, 400px\" \/><\/figure><\/div>\n\n\n<p><strong><em>\u201cEu tor\u00e7o todo dia para cair os juros. Qualquer banqueiro central quer viver com os juros mais baixos poss\u00edveis com infla\u00e7\u00e3o est\u00e1vel. Essa queda de juros futuros, de quase 3,0%, j\u00e1 come\u00e7a a aparecer no custo de cr\u00e9dito de rolagem.<\/em><\/strong><\/p>\n\n\n\n<p><strong><em>Se a Selic cai sem credibilidade, n\u00e3o vai diminuir o custo de rolagem de voc\u00eas (varejo), vai aumentar, e a gente viu isso na nossa hist\u00f3ria recente\u201d<\/em><\/strong>, argumentou. <strong><em>\u201cSe o juro \u00e9 ruim para varejo, a infla\u00e7\u00e3o \u00e9 muito pior\u201d,<\/em><\/strong> disse ele.<\/p>\n\n\n\n<p>O presidente do Banco Central, mais uma vez, sinalizou que as revis\u00f5es para baixo nas proje\u00e7\u00f5es longas de infla\u00e7\u00e3o abrem espa\u00e7o para o BC come\u00e7ar a cortar a taxa Selic, hoje em 13,75% ao ano, mas refor\u00e7ou que o Comit\u00ea de Pol\u00edtica Monet\u00e1ria (Copom) n\u00e3o tomar\u00e1 decis\u00f5es artificialmente.<\/p>\n\n\n\n<p><strong><em>\u201cTemos que manter a infla\u00e7\u00e3o sob controle. O trabalho est\u00e1 sendo feito e entendemos que est\u00e1 no caminho certo. H\u00e1 um cen\u00e1rio bom, com crescimento sendo revisado para cima e infla\u00e7\u00e3o sendo revisada para baixo. Isso abre espa\u00e7o. Estamos perto da reuni\u00e3o do Copom, eu sou um voto de nove, e n\u00e3o posso adiantar nada do que pode ser feito\u201d<\/em><\/strong>, afirmou.<\/p>\n\n\n\n<p>Campos Neto repetiu que o custo de n\u00e3o combater infla\u00e7\u00e3o \u00e9 muito elevado, e voltou argumentar que a Selic \u2014 apesar de <strong><em>\u201csuper alta\u201d<\/em><\/strong> \u2014 \u00e9 hoje menor que a m\u00e9dia hist\u00f3rica na compara\u00e7\u00e3o com outros pa\u00edses.<\/p>\n\n\n\n<p><strong><em>\u201cEntendendo a insatisfa\u00e7\u00e3o com os juros, mas \u00e9 preciso ter paci\u00eancia. Entendo que as empresas est\u00e3o sentido muito, algumas mais que outras, e vamos fazer uma for\u00e7a para atingirmos um ambiente de estabilidade para todos o mais r\u00e1pido poss\u00edvel, mas fazer de forma artificial n\u00e3o alcan\u00e7ar\u00e1 o resultado esperado\u201d<\/em><\/strong>, enfatizou.<\/p>\n\n\n\n<p>Ele refor\u00e7ou que a tarefa do BC \u00e9 fazer infla\u00e7\u00e3o convergir para a meta. <strong><em>\u201cTentamos fazer o processo o antes e mais r\u00e1pido para ter o m\u00ednimo de dor poss\u00edvel\u201d<\/em><\/strong>, repetiu. <strong><em>\u201cLembrando \u00e9 uma decis\u00e3o de colegiado no Copom, que o debate \u00e9 amplo e t\u00e9cnico\u201d<\/em><\/strong>, acrescentou.<\/p>\n\n\n\n<p><em>Fonte: CNN<\/em><\/p>\n","protected":false},"excerpt":{"rendered":"<p>Nesta segunda-feira (12) que o custo de cr\u00e9dito tem ca\u00eddo, porque ele n\u00e3o est\u00e1 associado \u00e0\u00a0Selic, mas sim ao comportamento dos\u00a0juros\u00a0futuros de longo prazo.<\/p>\n","protected":false},"author":2,"featured_media":48666,"comment_status":"open","ping_status":"open","sticky":false,"template":"","format":"standard","meta":{"om_disable_all_campaigns":false,"_monsterinsights_skip_tracking":false,"_monsterinsights_sitenote_active":false,"_monsterinsights_sitenote_note":"","_monsterinsights_sitenote_category":0,"footnotes":""},"categories":[34,70,69,21],"tags":[100,71,48,1486,93,75,4178,4180,129,107,4181,359,132,230,106,203,120,51,109,88,47,111,2705],"class_list":["post-49454","post","type-post","status-publish","format-standard","has-post-thumbnail","hentry","category-brasil","category-destaques","category-noticias2","category-politica","tag-adustina","tag-antas","tag-araci","tag-banco-central","tag-brasil","tag-cicero-dantas","tag-cipo-2","tag-crisopolis-2","tag-euclides-da-cunha","tag-fatima","tag-heliopolis-2","tag-inflacao","tag-itapicuru","tag-jeremoabo","tag-nova-soure","tag-novo-triunfo","tag-olindina","tag-paripiranga","tag-quijingue","tag-ribeira-do-amparo","tag-ribeira-do-pombal","tag-sitio-do-quinto","tag-taxa-de-juros"],"aioseo_notices":[],"_links":{"self":[{"href":"https:\/\/www.portalalerta.com.br\/index.php\/wp-json\/wp\/v2\/posts\/49454","targetHints":{"allow":["GET"]}}],"collection":[{"href":"https:\/\/www.portalalerta.com.br\/index.php\/wp-json\/wp\/v2\/posts"}],"about":[{"href":"https:\/\/www.portalalerta.com.br\/index.php\/wp-json\/wp\/v2\/types\/post"}],"author":[{"embeddable":true,"href":"https:\/\/www.portalalerta.com.br\/index.php\/wp-json\/wp\/v2\/users\/2"}],"replies":[{"embeddable":true,"href":"https:\/\/www.portalalerta.com.br\/index.php\/wp-json\/wp\/v2\/comments?post=49454"}],"version-history":[{"count":1,"href":"https:\/\/www.portalalerta.com.br\/index.php\/wp-json\/wp\/v2\/posts\/49454\/revisions"}],"predecessor-version":[{"id":49455,"href":"https:\/\/www.portalalerta.com.br\/index.php\/wp-json\/wp\/v2\/posts\/49454\/revisions\/49455"}],"wp:featuredmedia":[{"embeddable":true,"href":"https:\/\/www.portalalerta.com.br\/index.php\/wp-json\/wp\/v2\/media\/48666"}],"wp:attachment":[{"href":"https:\/\/www.portalalerta.com.br\/index.php\/wp-json\/wp\/v2\/media?parent=49454"}],"wp:term":[{"taxonomy":"category","embeddable":true,"href":"https:\/\/www.portalalerta.com.br\/index.php\/wp-json\/wp\/v2\/categories?post=49454"},{"taxonomy":"post_tag","embeddable":true,"href":"https:\/\/www.portalalerta.com.br\/index.php\/wp-json\/wp\/v2\/tags?post=49454"}],"curies":[{"name":"wp","href":"https:\/\/api.w.org\/{rel}","templated":true}]}}