{"id":49457,"date":"2023-06-13T08:23:07","date_gmt":"2023-06-13T11:23:07","guid":{"rendered":"https:\/\/www.portalalerta.com.br\/?p=49457"},"modified":"2023-06-13T08:23:08","modified_gmt":"2023-06-13T11:23:08","slug":"criancas-resgatadas-na-selva-colombiana-sao-alvo-de-disputa-entre-familiares","status":"publish","type":"post","link":"https:\/\/www.portalalerta.com.br\/index.php\/2023\/06\/13\/criancas-resgatadas-na-selva-colombiana-sao-alvo-de-disputa-entre-familiares\/","title":{"rendered":"Crian\u00e7as resgatadas na selva colombiana s\u00e3o alvo de disputa entre familiares"},"content":{"rendered":"\n<p>Parentes da m\u00e3e, morta ap\u00f3s a queda do avi\u00e3o em que estavam, reivindicam a guarda e afirmam que o pai batia nelas; ele diz que acusa\u00e7\u00f5es s\u00e3o movidas por \u201cinteresses econ\u00f4micos\u201d<\/p>\n\n\n\n<!--more-->\n\n\n\n<p>O drama das\u00a0quatro crian\u00e7as resgatadas depois de 40 dias na selva colombiana\u00a0n\u00e3o chegou ao fim. Agora, elas s\u00e3o objeto de uma disputa pela guarda entre o pai de duas delas e a fam\u00edlia da m\u00e3e, morta depois da queda do avi\u00e3o em que estavam. As crian\u00e7as est\u00e3o sob a prote\u00e7\u00e3o do Instituto Colombiano de Bem-Estar Familiar (ICBF).<\/p>\n\n\n\n<p>O pai das crian\u00e7as de 13 e de 9 anos, Manuel Miller Ranoque, queixou-se de que n\u00e3o est\u00e1 tendo acesso aos filhos. Ele diz que fotos das crian\u00e7as foram publicadas sem sua autoriza\u00e7\u00e3o. As crian\u00e7as, de 13, 9, 4 e 1 ano de idade, foram fotografadas quando o presidente\u00a0Gustavo Petro\u00a0as visitou no s\u00e1bado, no Hospital Militar de Bogot\u00e1. Segundo Ranoque, o presidente disse que se reuniria com ele. O pai ficou esperando, mas o encontro n\u00e3o aconteceu.<\/p>\n\n\n<div class=\"wp-block-image\">\n<figure class=\"aligncenter size-full\"><img decoding=\"async\" src=\"https:\/\/www.portalalerta.com.br\/wp-content\/uploads\/2023\/05\/Real-Calcados-Sao-Joao-2023.jpg\" alt=\"\" class=\"wp-image-49244\"\/><\/figure><\/div>\n\n\n<p>A fam\u00edlia da m\u00e3e das crian\u00e7as, Magdalena Mucutuy, acusa Ranoque de viol\u00eancia contra a mulher e os filhos. O pai chegou a admitir numa entrevista ao notici\u00e1rio de TV Noticias Uno que alterava a voz e poderia ter agido com viol\u00eancia quando estava b\u00eabado.<\/p>\n\n\n\n<p>Em outra entrevista, ele negou e disse que a filha mais velha, Lesly, de 13 anos, j\u00e1 desmentiu essas acusa\u00e7\u00f5es. Segundo ele disse ao jornal colombiano El Tiempo, a fam\u00edlia da m\u00e3e tem interesse em ficar com as crian\u00e7as \u201cpor motivos econ\u00f4micos\u201d.<\/p>\n\n\n\n<p>A m\u00e3e e as crian\u00e7as estavam sendo transportadas de avi\u00e3o no dia 1\u00ba de maio de Araracuara para San Jos\u00e9 del Guaviare, no sudeste da Col\u00f4mbia. Ranoque assegura que a fam\u00edlia foi retirada de l\u00e1 por causa do risco de recrutamento por parte da guerrilha das For\u00e7as Armadas Revolucion\u00e1rias da Col\u00f4mbia (Farc), da qual ele diz ser um alvo.<\/p>\n\n\n\n<p>A diretora do ICBF, Astrid C\u00e1ceres, disse \u00e0 Blu Radio, da Col\u00f4mbia, que as crian\u00e7as est\u00e3o a cargo de uma defensora, que est\u00e1 verificando a situa\u00e7\u00e3o para decidir com quem elas ficar\u00e3o. A beb\u00ea, que completou 1 ano na selva, est\u00e1 sob cuidados intermedi\u00e1rios no hospital.<\/p>\n\n\n\n<p>O resgate coincidiu com o an\u00fancio, pelo presidente Petro,\u00a0de um acordo com outro grupo guerrilheiro, o Ex\u00e9rcito de Liberta\u00e7\u00e3o Nacional (ELN), firmado em Havana, com media\u00e7\u00e3o do presidente cubano, Miguel D\u00edaz-Canel. O acordo prev\u00ea 180 dias de cessar-fogo entre as for\u00e7as de seguran\u00e7a colombianas e a guerrilha.<\/p>\n\n\n\n<p>Petro, ele pr\u00f3prio um ex-guerrilheiro do grupo urbano M19, nos anos 1980, procurou aproveitar a como\u00e7\u00e3o e alegria da popula\u00e7\u00e3o do pa\u00eds pelo resgate e associ\u00e1-lo ao acordo, que est\u00e1 longe de ser um consenso entre os colombianos.<\/p>\n\n\n\n<p><em>Fonte: CNN<\/em><\/p>\n","protected":false},"excerpt":{"rendered":"<p>Parentes da m\u00e3e, morta ap\u00f3s a queda do avi\u00e3o em que estavam, reivindicam a guarda e afirmam que o pai batia nelas; ele diz que acusa\u00e7\u00f5es s\u00e3o movidas por \u201cinteresses econ\u00f4micos\u201d<\/p>\n","protected":false},"author":2,"featured_media":49458,"comment_status":"open","ping_status":"open","sticky":false,"template":"","format":"standard","meta":{"om_disable_all_campaigns":false,"_monsterinsights_skip_tracking":false,"_monsterinsights_sitenote_active":false,"_monsterinsights_sitenote_note":"","_monsterinsights_sitenote_category":0,"footnotes":""},"categories":[70,35,69],"tags":[100,71,48,75,4178,992,1198,4180,129,107,4181,132,230,339,106,203,120,51,109,885,88,47,111,190],"class_list":["post-49457","post","type-post","status-publish","format-standard","has-post-thumbnail","hentry","category-destaques","category-mundo","category-noticias2","tag-adustina","tag-antas","tag-araci","tag-cicero-dantas","tag-cipo-2","tag-colombia","tag-criancas","tag-crisopolis-2","tag-euclides-da-cunha","tag-fatima","tag-heliopolis-2","tag-itapicuru","tag-jeremoabo","tag-mundo","tag-nova-soure","tag-novo-triunfo","tag-olindina","tag-paripiranga","tag-quijingue","tag-resgate","tag-ribeira-do-amparo","tag-ribeira-do-pombal","tag-sitio-do-quinto","tag-tucano"],"aioseo_notices":[],"_links":{"self":[{"href":"https:\/\/www.portalalerta.com.br\/index.php\/wp-json\/wp\/v2\/posts\/49457","targetHints":{"allow":["GET"]}}],"collection":[{"href":"https:\/\/www.portalalerta.com.br\/index.php\/wp-json\/wp\/v2\/posts"}],"about":[{"href":"https:\/\/www.portalalerta.com.br\/index.php\/wp-json\/wp\/v2\/types\/post"}],"author":[{"embeddable":true,"href":"https:\/\/www.portalalerta.com.br\/index.php\/wp-json\/wp\/v2\/users\/2"}],"replies":[{"embeddable":true,"href":"https:\/\/www.portalalerta.com.br\/index.php\/wp-json\/wp\/v2\/comments?post=49457"}],"version-history":[{"count":1,"href":"https:\/\/www.portalalerta.com.br\/index.php\/wp-json\/wp\/v2\/posts\/49457\/revisions"}],"predecessor-version":[{"id":49459,"href":"https:\/\/www.portalalerta.com.br\/index.php\/wp-json\/wp\/v2\/posts\/49457\/revisions\/49459"}],"wp:featuredmedia":[{"embeddable":true,"href":"https:\/\/www.portalalerta.com.br\/index.php\/wp-json\/wp\/v2\/media\/49458"}],"wp:attachment":[{"href":"https:\/\/www.portalalerta.com.br\/index.php\/wp-json\/wp\/v2\/media?parent=49457"}],"wp:term":[{"taxonomy":"category","embeddable":true,"href":"https:\/\/www.portalalerta.com.br\/index.php\/wp-json\/wp\/v2\/categories?post=49457"},{"taxonomy":"post_tag","embeddable":true,"href":"https:\/\/www.portalalerta.com.br\/index.php\/wp-json\/wp\/v2\/tags?post=49457"}],"curies":[{"name":"wp","href":"https:\/\/api.w.org\/{rel}","templated":true}]}}