{"id":49462,"date":"2023-06-13T09:07:26","date_gmt":"2023-06-13T12:07:26","guid":{"rendered":"https:\/\/www.portalalerta.com.br\/?p=49462"},"modified":"2023-06-13T09:07:27","modified_gmt":"2023-06-13T12:07:27","slug":"brasil-jogara-de-preto-pela-1a-vez-na-historia-em-duelo-contra-guine","status":"publish","type":"post","link":"https:\/\/www.portalalerta.com.br\/index.php\/2023\/06\/13\/brasil-jogara-de-preto-pela-1a-vez-na-historia-em-duelo-contra-guine\/","title":{"rendered":"Brasil jogar\u00e1 de preto, pela 1\u00aa vez na hist\u00f3ria, em duelo contra Guin\u00e9"},"content":{"rendered":"\n<p><em>Iniciativa da CBF faz parte de s\u00e9rie de a\u00e7\u00f5es de combate ao racismo<\/em><\/p>\n\n\n\n<!--more-->\n\n\n\n<p>Pela primeira vez em 109 anos de hist\u00f3ria, a sele\u00e7\u00e3o brasileira masculina de futebol entrar\u00e1 em campo com o uniforme totalmente preto. O fato in\u00e9dito ocorrer\u00e1 no pr\u00f3ximo s\u00e1bado (17), em amistoso contra a Guin\u00e9, em Barcelona (Espanha). A iniciativa, anunciada nesta segunda-feira (12) pela CBF, faz parte de uma s\u00e9rie de a\u00e7\u00f5es organizadas pela entidade para combater o racismo.<\/p>\n\n\n<div class=\"wp-block-image\">\n<figure class=\"alignleft size-full is-resized\"><img fetchpriority=\"high\" decoding=\"async\" src=\"https:\/\/www.portalalerta.com.br\/wp-content\/uploads\/2021\/04\/ELAB.jpg\" alt=\"\" class=\"wp-image-34795\" width=\"384\" height=\"306\" srcset=\"https:\/\/www.portalalerta.com.br\/wp-content\/uploads\/2021\/04\/ELAB.jpg 1000w, https:\/\/www.portalalerta.com.br\/wp-content\/uploads\/2021\/04\/ELAB-300x240.jpg 300w, https:\/\/www.portalalerta.com.br\/wp-content\/uploads\/2021\/04\/ELAB-768x614.jpg 768w, https:\/\/www.portalalerta.com.br\/wp-content\/uploads\/2021\/04\/ELAB-183x146.jpg 183w, https:\/\/www.portalalerta.com.br\/wp-content\/uploads\/2021\/04\/ELAB-50x40.jpg 50w, https:\/\/www.portalalerta.com.br\/wp-content\/uploads\/2021\/04\/ELAB-94x75.jpg 94w\" sizes=\"(max-width: 384px) 100vw, 384px\" \/><\/figure><\/div>\n\n\n<p>A decis\u00e3o da\u00a0CBF, de firmar posi\u00e7\u00e3o na luta antirracismo no amistoso na Espanha, foi tomada tr\u00eas dias ap\u00f3s o atacante\u00a0Vinicius J\u00fanior, do Real Madrid, ter sofrido discrimina\u00e7\u00e3o racial\u00a0no campeonato nacional da LaLiga. No \u00faltimo dia 21, o brasileiro foi alvo de insultos racistas &#8211; na derrota por 2 a 1 para o Val\u00eancia \u2013 pela 10\u00aa vez seguida na competi\u00e7\u00e3o.<\/p>\n\n\n\n<p>A sele\u00e7\u00e3o atuar\u00e1 todo o primeiro tempo com a camisa preta na partida contra a Guin\u00e9, no s\u00e1bado (17), com in\u00edcio&nbsp;\u00e0s 21h30 (hor\u00e1rio de Bras\u00edlia), no&nbsp;RCDE Stadium, na capital da Catalunha. Ap\u00f3s o intervalo, a equipe comandada interinamente por Ramon Menezes atuar\u00e1 com a camisa amarela, que tamb\u00e9m far\u00e1 alus\u00e3o \u00e0 luta contra o racismo.<\/p>\n\n\n\n<p>O primeiro jogo da equipe brasileira ocorreu em 1914, com o uniforme branco (camisas e cal\u00e7\u00f5es). Passados 71 anos, o Brasil adotou pela primeira vez a cl\u00e1ssica amarelinha com cal\u00e7\u00f5es azuis.<\/p>\n\n\n\n<p><em>Fonte: Ag\u00eancia Brasil<\/em><\/p>\n","protected":false},"excerpt":{"rendered":"<p>Iniciativa da CBF faz parte de s\u00e9rie de a\u00e7\u00f5es de combate ao racismo<\/p>\n","protected":false},"author":2,"featured_media":49463,"comment_status":"open","ping_status":"open","sticky":false,"template":"","format":"standard","meta":{"om_disable_all_campaigns":false,"_monsterinsights_skip_tracking":false,"_monsterinsights_sitenote_active":false,"_monsterinsights_sitenote_note":"","_monsterinsights_sitenote_category":0,"footnotes":""},"categories":[34,70,2,35,69],"tags":[100,4243,71,48,93,75,4178,4180,129,107,4181,132,230,106,203,120,51,109,331,88,47,1083,111],"class_list":["post-49462","post","type-post","status-publish","format-standard","has-post-thumbnail","hentry","category-brasil","category-destaques","category-esportes","category-mundo","category-noticias2","tag-adustina","tag-amistoso","tag-antas","tag-araci","tag-brasil","tag-cicero-dantas","tag-cipo-2","tag-crisopolis-2","tag-euclides-da-cunha","tag-fatima","tag-heliopolis-2","tag-itapicuru","tag-jeremoabo","tag-nova-soure","tag-novo-triunfo","tag-olindina","tag-paripiranga","tag-quijingue","tag-racismo","tag-ribeira-do-amparo","tag-ribeira-do-pombal","tag-selecao-brasileira","tag-sitio-do-quinto"],"aioseo_notices":[],"_links":{"self":[{"href":"https:\/\/www.portalalerta.com.br\/index.php\/wp-json\/wp\/v2\/posts\/49462","targetHints":{"allow":["GET"]}}],"collection":[{"href":"https:\/\/www.portalalerta.com.br\/index.php\/wp-json\/wp\/v2\/posts"}],"about":[{"href":"https:\/\/www.portalalerta.com.br\/index.php\/wp-json\/wp\/v2\/types\/post"}],"author":[{"embeddable":true,"href":"https:\/\/www.portalalerta.com.br\/index.php\/wp-json\/wp\/v2\/users\/2"}],"replies":[{"embeddable":true,"href":"https:\/\/www.portalalerta.com.br\/index.php\/wp-json\/wp\/v2\/comments?post=49462"}],"version-history":[{"count":1,"href":"https:\/\/www.portalalerta.com.br\/index.php\/wp-json\/wp\/v2\/posts\/49462\/revisions"}],"predecessor-version":[{"id":49464,"href":"https:\/\/www.portalalerta.com.br\/index.php\/wp-json\/wp\/v2\/posts\/49462\/revisions\/49464"}],"wp:featuredmedia":[{"embeddable":true,"href":"https:\/\/www.portalalerta.com.br\/index.php\/wp-json\/wp\/v2\/media\/49463"}],"wp:attachment":[{"href":"https:\/\/www.portalalerta.com.br\/index.php\/wp-json\/wp\/v2\/media?parent=49462"}],"wp:term":[{"taxonomy":"category","embeddable":true,"href":"https:\/\/www.portalalerta.com.br\/index.php\/wp-json\/wp\/v2\/categories?post=49462"},{"taxonomy":"post_tag","embeddable":true,"href":"https:\/\/www.portalalerta.com.br\/index.php\/wp-json\/wp\/v2\/tags?post=49462"}],"curies":[{"name":"wp","href":"https:\/\/api.w.org\/{rel}","templated":true}]}}