{"id":49469,"date":"2023-06-13T20:29:45","date_gmt":"2023-06-13T23:29:45","guid":{"rendered":"https:\/\/www.portalalerta.com.br\/?p=49469"},"modified":"2023-06-13T20:29:47","modified_gmt":"2023-06-13T23:29:47","slug":"prefeito-erikson-silva-participa-do-movimento-nacional-dos-prefeitos-em-brasilia-df-em-busca-da-reducao-da-aliquota-do-inss","status":"publish","type":"post","link":"https:\/\/www.portalalerta.com.br\/index.php\/2023\/06\/13\/prefeito-erikson-silva-participa-do-movimento-nacional-dos-prefeitos-em-brasilia-df-em-busca-da-reducao-da-aliquota-do-inss\/","title":{"rendered":"Prefeito Erikson Silva participa do movimento nacional dos prefeitos em Bras\u00edlia-DF, em busca da redu\u00e7\u00e3o da al\u00edquota do INSS"},"content":{"rendered":"\n<p>Nesta ter\u00e7a-feira (13), o prefeito Erikson Silva, juntamente com outros prefeitos de todo o pa\u00eds, participou em Bras\u00edlia, do movimento nacional dos prefeitos em busca da redu\u00e7\u00e3o da al\u00edquota do Instituto Nacional do Seguro Social (INSS).<\/p>\n\n\n\n<!--more-->\n\n\n\n<p>O objetivo do movimento \u00e9 pressionar o Senado Federal para aprovar um projeto de lei que estabele\u00e7a al\u00edquotas progressivas de acordo com o Produto Interno Bruto (PIB) per capita dos munic\u00edpios.<\/p>\n\n\n\n<p>&nbsp;A proposta em quest\u00e3o \u00e9 de autoria do senador Jaques Wagner (PT-BA) e ser\u00e1 relatada pelo senador Vanderlan Cardoso (PSD-GO). O texto do projeto prev\u00ea a aplica\u00e7\u00e3o de al\u00edquotas progressivas, levando em considera\u00e7\u00e3o a realidade econ\u00f4mica de cada munic\u00edpio.<\/p>\n\n\n\n<p>&nbsp;O prefeito Erikson Silva expressou confian\u00e7a na elabora\u00e7\u00e3o de um relat\u00f3rio consistente que indique a viabilidade da mat\u00e9ria. Ele ressaltou que a cria\u00e7\u00e3o do Simples Municipal, por meio desse projeto de lei, \u00e9 uma forma de estabelecer uma tributa\u00e7\u00e3o justa, levando em considera\u00e7\u00e3o as particularidades de cada munic\u00edpio.<\/p>\n\n\n<div class=\"wp-block-image\">\n<figure class=\"aligncenter size-full\"><img decoding=\"async\" src=\"https:\/\/www.portalalerta.com.br\/wp-content\/uploads\/2023\/05\/Real-Calcados-Sao-Joao-2023.jpg\" alt=\"\" class=\"wp-image-49244\"\/><\/figure><\/div>\n\n\n<p>&nbsp;Segundo o senador Jaques Wagner, autor do PL 51\/2021, esse projeto de lei reconhece a diferen\u00e7a de arrecada\u00e7\u00e3o entre os munic\u00edpios. Ele ressaltou que a realidade de recolhimento de receita varia consideravelmente, citando como exemplo a diferen\u00e7a entre a capital S\u00e3o Paulo e uma pequena cidade. O projeto estabelece al\u00edquotas que variam de um m\u00ednimo de 8% a um m\u00e1ximo de 18%, dependendo da receita do munic\u00edpio.<\/p>\n\n\n\n<p>&nbsp;A proposta prev\u00ea a aplica\u00e7\u00e3o de uma tabela progressiva, com cinco grupos de munic\u00edpios, de acordo com o PIB per capita:<\/p>\n\n\n\n<p>&nbsp;<strong>Grupo 1:<\/strong> munic\u00edpios entre os 20% com menor PIB per capita \u2013 Aplica\u00e7\u00e3o de al\u00edquota de 8,00%.<\/p>\n\n\n\n<p><strong>Grupo 2:<\/strong> munic\u00edpios entre os 20% e os 40% com menor PIB per capita \u2013 Aplica\u00e7\u00e3o de al\u00edquota de 10,5%.<\/p>\n\n\n\n<p><strong>Grupo 3:<\/strong> munic\u00edpios entre os 40% e os 60% com menor PIB per capita \u2013 Aplica\u00e7\u00e3o de al\u00edquota de 13,00%.<\/p>\n\n\n\n<p><strong>Grupo 4:<\/strong> munic\u00edpios entre os 60% e os 80% com menor PIB per capita \u2013 Aplica\u00e7\u00e3o de al\u00edquota de 15,5%.<\/p>\n\n\n\n<p><strong>Grupo 5:<\/strong> munic\u00edpios entre os 20% com maior PIB per capita \u2013 Aplica\u00e7\u00e3o de al\u00edquota de 18,00%.<\/p>\n\n\n\n<p>A expectativa dos prefeitos que participam do movimento \u00e9 que o projeto seja aprovado no Senado Federal, garantindo uma redu\u00e7\u00e3o da al\u00edquota do INSS para os munic\u00edpios, proporcionando uma tributa\u00e7\u00e3o mais justa e adequada \u00e0 realidade econ\u00f4mica de cada localidade.<\/p>\n\n\n\n<p><em>Fonte: Dia a Dia Nordeste<\/em><\/p>\n","protected":false},"excerpt":{"rendered":"<p>Nesta ter\u00e7a-feira (13), o prefeito Erikson Silva, juntamente com outros prefeitos de todo o pa\u00eds, participou em Bras\u00edlia, do movimento nacional dos prefeitos em busca da redu\u00e7\u00e3o da al\u00edquota do Instituto Nacional do Seguro Social (INSS).<\/p>\n","protected":false},"author":2,"featured_media":49470,"comment_status":"open","ping_status":"open","sticky":false,"template":"","format":"standard","meta":{"om_disable_all_campaigns":false,"_monsterinsights_skip_tracking":false,"_monsterinsights_sitenote_active":false,"_monsterinsights_sitenote_note":"","_monsterinsights_sitenote_category":0,"footnotes":""},"categories":[34,70,69,21,32,3],"tags":[100,71,48,93,786,75,4178,4180,539,3400,129,107,4181,1963,132,230,106,203,120,51,829,109,88,47,111],"class_list":["post-49469","post","type-post","status-publish","format-standard","has-post-thumbnail","hentry","category-brasil","category-destaques","category-noticias2","category-politica","category-regiao","category-ribeira-do-pombal","tag-adustina","tag-antas","tag-araci","tag-brasil","tag-brasilia","tag-cicero-dantas","tag-cipo-2","tag-crisopolis-2","tag-distrito-federal","tag-eriksson-silva","tag-euclides-da-cunha","tag-fatima","tag-heliopolis-2","tag-inss","tag-itapicuru","tag-jeremoabo","tag-nova-soure","tag-novo-triunfo","tag-olindina","tag-paripiranga","tag-prefeitos","tag-quijingue","tag-ribeira-do-amparo","tag-ribeira-do-pombal","tag-sitio-do-quinto"],"aioseo_notices":[],"_links":{"self":[{"href":"https:\/\/www.portalalerta.com.br\/index.php\/wp-json\/wp\/v2\/posts\/49469","targetHints":{"allow":["GET"]}}],"collection":[{"href":"https:\/\/www.portalalerta.com.br\/index.php\/wp-json\/wp\/v2\/posts"}],"about":[{"href":"https:\/\/www.portalalerta.com.br\/index.php\/wp-json\/wp\/v2\/types\/post"}],"author":[{"embeddable":true,"href":"https:\/\/www.portalalerta.com.br\/index.php\/wp-json\/wp\/v2\/users\/2"}],"replies":[{"embeddable":true,"href":"https:\/\/www.portalalerta.com.br\/index.php\/wp-json\/wp\/v2\/comments?post=49469"}],"version-history":[{"count":1,"href":"https:\/\/www.portalalerta.com.br\/index.php\/wp-json\/wp\/v2\/posts\/49469\/revisions"}],"predecessor-version":[{"id":49471,"href":"https:\/\/www.portalalerta.com.br\/index.php\/wp-json\/wp\/v2\/posts\/49469\/revisions\/49471"}],"wp:featuredmedia":[{"embeddable":true,"href":"https:\/\/www.portalalerta.com.br\/index.php\/wp-json\/wp\/v2\/media\/49470"}],"wp:attachment":[{"href":"https:\/\/www.portalalerta.com.br\/index.php\/wp-json\/wp\/v2\/media?parent=49469"}],"wp:term":[{"taxonomy":"category","embeddable":true,"href":"https:\/\/www.portalalerta.com.br\/index.php\/wp-json\/wp\/v2\/categories?post=49469"},{"taxonomy":"post_tag","embeddable":true,"href":"https:\/\/www.portalalerta.com.br\/index.php\/wp-json\/wp\/v2\/tags?post=49469"}],"curies":[{"name":"wp","href":"https:\/\/api.w.org\/{rel}","templated":true}]}}