{"id":49804,"date":"2023-07-05T09:01:00","date_gmt":"2023-07-05T12:01:00","guid":{"rendered":"https:\/\/www.portalalerta.com.br\/?p=49804"},"modified":"2023-07-04T19:33:53","modified_gmt":"2023-07-04T22:33:53","slug":"durante-negociacao-de-pautas-economicas-governo-libera-r-467-mi-em-emendas-parlamentares","status":"publish","type":"post","link":"https:\/\/www.portalalerta.com.br\/index.php\/2023\/07\/05\/durante-negociacao-de-pautas-economicas-governo-libera-r-467-mi-em-emendas-parlamentares\/","title":{"rendered":"Durante negocia\u00e7\u00e3o de pautas econ\u00f4micas, governo libera R$ 467 mi em emendas parlamentares"},"content":{"rendered":"\n<p>Em meio ao esfor\u00e7o da\u00a0C\u00e2mara dos Deputados\u00a0em avan\u00e7ar com as pautas econ\u00f4micas, consideradas essenciais para o Poder Executivo, o\u00a0governo federal\u00a0pagou, entre a \u00faltima sexta-feira (30) e esta ter\u00e7a-feira (4), R$ 467.154.114,00 em recursos aos parlamentares.<\/p>\n\n\n\n<!--more-->\n\n\n\n<p>Os deputados tentam votar as altera\u00e7\u00f5es feitas pelos senadores no marco fiscal,\u00a0Conselho de Administra\u00e7\u00e3o de Recursos Fiscais (Carf)\u00a0e reforma tribut\u00e1ria nesta semana.<\/p>\n\n\n<div class=\"wp-block-image\">\n<figure class=\"alignleft size-full is-resized\"><img fetchpriority=\"high\" decoding=\"async\" src=\"https:\/\/www.portalalerta.com.br\/wp-content\/uploads\/2022\/03\/Cred-Real.1.jpg\" alt=\"\" class=\"wp-image-41523\" width=\"432\" height=\"345\" srcset=\"https:\/\/www.portalalerta.com.br\/wp-content\/uploads\/2022\/03\/Cred-Real.1.jpg 500w, https:\/\/www.portalalerta.com.br\/wp-content\/uploads\/2022\/03\/Cred-Real.1-300x240.jpg 300w, https:\/\/www.portalalerta.com.br\/wp-content\/uploads\/2022\/03\/Cred-Real.1-183x146.jpg 183w, https:\/\/www.portalalerta.com.br\/wp-content\/uploads\/2022\/03\/Cred-Real.1-50x40.jpg 50w, https:\/\/www.portalalerta.com.br\/wp-content\/uploads\/2022\/03\/Cred-Real.1-94x75.jpg 94w\" sizes=\"(max-width: 432px) 100vw, 432px\" \/><\/figure><\/div>\n\n\n<p>Os dados obtidos pela&nbsp;<strong>CNN<\/strong>&nbsp;s\u00e3o de acesso p\u00fablico e constam em planilhas do Sistema Integrado de Administra\u00e7\u00e3o Financeira do Governo Federal (Siafi) e no Siga Brasil, um sistema de informa\u00e7\u00f5es sobre or\u00e7amento federal gerenciado pelo Senado.<\/p>\n\n\n\n<p>A avalia\u00e7\u00e3o de lideran\u00e7as partid\u00e1rias ouvidas pela reportagem \u00e9 de que a libera\u00e7\u00e3o das emendas \u201cajuda\u201d no andamento das pautas. Parlamentares t\u00eam reclamado da demora na libera\u00e7\u00e3o de emendas pelo Executivo.<\/p>\n\n\n\n<p>A libera\u00e7\u00e3o dos recursos nos \u00faltimos dias foi feita via seis pastas: Minist\u00e9rio da Agricultura e Pecu\u00e1ria; Minist\u00e9rio da Sa\u00fade; Minist\u00e9rio do Esporte; Minist\u00e9rio da Integra\u00e7\u00e3o e Desenvolvimento Regional; Minist\u00e9rio das Cidades; e Minist\u00e9rio do Desenvolvimento Social.<\/p>\n\n\n\n<p>Com o fim das emendas de relator, tamb\u00e9m conhecidas como or\u00e7amento secreto (RP9), parte dos recursos foi destinado \u00e0s emendas individuais e outra parte ficou nas m\u00e3os do Executivo, mas carimbados, em acordo informal, para distribui\u00e7\u00e3o aos parlamentares.<\/p>\n\n\n\n<p><em>Fonte: CNN<\/em><\/p>\n","protected":false},"excerpt":{"rendered":"<p>Em meio ao esfor\u00e7o da\u00a0C\u00e2mara dos Deputados\u00a0em avan\u00e7ar com as pautas econ\u00f4micas, consideradas essenciais para o Poder Executivo, o\u00a0governo federal\u00a0pagou, entre a \u00faltima sexta-feira (30) e esta ter\u00e7a-feira (4), R$ 467.154.114,00 em recursos aos parlamentares.<\/p>\n","protected":false},"author":2,"featured_media":3305,"comment_status":"open","ping_status":"open","sticky":false,"template":"","format":"standard","meta":{"om_disable_all_campaigns":false,"_monsterinsights_skip_tracking":false,"_monsterinsights_sitenote_active":false,"_monsterinsights_sitenote_note":"","_monsterinsights_sitenote_category":0,"footnotes":""},"categories":[34,70,69,21],"tags":[100,71,48,93,186,75,4178,4180,2725,6203,129,107,249,4181,132,230,106,203,120,51,109,88,47,111,190],"class_list":["post-49804","post","type-post","status-publish","format-standard","has-post-thumbnail","hentry","category-brasil","category-destaques","category-noticias2","category-politica","tag-adustina","tag-antas","tag-araci","tag-brasil","tag-camara-dos-deputados","tag-cicero-dantas","tag-cipo-2","tag-crisopolis-2","tag-deputados-federais","tag-emendas-parlamentares","tag-euclides-da-cunha","tag-fatima","tag-governo-federal","tag-heliopolis-2","tag-itapicuru","tag-jeremoabo","tag-nova-soure","tag-novo-triunfo","tag-olindina","tag-paripiranga","tag-quijingue","tag-ribeira-do-amparo","tag-ribeira-do-pombal","tag-sitio-do-quinto","tag-tucano"],"aioseo_notices":[],"_links":{"self":[{"href":"https:\/\/www.portalalerta.com.br\/index.php\/wp-json\/wp\/v2\/posts\/49804","targetHints":{"allow":["GET"]}}],"collection":[{"href":"https:\/\/www.portalalerta.com.br\/index.php\/wp-json\/wp\/v2\/posts"}],"about":[{"href":"https:\/\/www.portalalerta.com.br\/index.php\/wp-json\/wp\/v2\/types\/post"}],"author":[{"embeddable":true,"href":"https:\/\/www.portalalerta.com.br\/index.php\/wp-json\/wp\/v2\/users\/2"}],"replies":[{"embeddable":true,"href":"https:\/\/www.portalalerta.com.br\/index.php\/wp-json\/wp\/v2\/comments?post=49804"}],"version-history":[{"count":1,"href":"https:\/\/www.portalalerta.com.br\/index.php\/wp-json\/wp\/v2\/posts\/49804\/revisions"}],"predecessor-version":[{"id":49805,"href":"https:\/\/www.portalalerta.com.br\/index.php\/wp-json\/wp\/v2\/posts\/49804\/revisions\/49805"}],"wp:featuredmedia":[{"embeddable":true,"href":"https:\/\/www.portalalerta.com.br\/index.php\/wp-json\/wp\/v2\/media\/3305"}],"wp:attachment":[{"href":"https:\/\/www.portalalerta.com.br\/index.php\/wp-json\/wp\/v2\/media?parent=49804"}],"wp:term":[{"taxonomy":"category","embeddable":true,"href":"https:\/\/www.portalalerta.com.br\/index.php\/wp-json\/wp\/v2\/categories?post=49804"},{"taxonomy":"post_tag","embeddable":true,"href":"https:\/\/www.portalalerta.com.br\/index.php\/wp-json\/wp\/v2\/tags?post=49804"}],"curies":[{"name":"wp","href":"https:\/\/api.w.org\/{rel}","templated":true}]}}