{"id":49812,"date":"2023-07-05T15:09:14","date_gmt":"2023-07-05T18:09:14","guid":{"rendered":"https:\/\/www.portalalerta.com.br\/?p=49812"},"modified":"2023-07-05T15:09:16","modified_gmt":"2023-07-05T18:09:16","slug":"pablo-marcal-e-alvo-da-pf-em-operacao-contra-crimes-eleitorais","status":"publish","type":"post","link":"https:\/\/www.portalalerta.com.br\/index.php\/2023\/07\/05\/pablo-marcal-e-alvo-da-pf-em-operacao-contra-crimes-eleitorais\/","title":{"rendered":"Pablo Mar\u00e7al \u00e9 alvo da PF em opera\u00e7\u00e3o contra crimes eleitorais"},"content":{"rendered":"\n<p>A Pol\u00edcia Federal (PF) realiza na manh\u00e3 desta quarta-feira (5), em S\u00e3o Paulo, uma opera\u00e7\u00e3o que apura crimes de falsidade ideol\u00f3gica eleitoral, apropria\u00e7\u00e3o ind\u00e9bita eleitoral e lavagem de dinheiro ocorridas durante as elei\u00e7\u00f5es de 2022.<\/p>\n\n\n\n<!--more-->\n\n\n\n<p>A&nbsp;<strong>CNN<\/strong>&nbsp;apurou que o principal alvo \u00e9 o ex-candidato \u00e0 Presid\u00eancia da Rep\u00fablica Pablo Mar\u00e7al. Segundo a PF, o investigado \u2014 que tamb\u00e9m tentou ser candidato a deputado federal por S\u00e3o Paulo \u2014 e seu s\u00f3cio realizaram doa\u00e7\u00f5es milion\u00e1rias \u00e0s campanhas, sendo que boa parte desses valores foi remetido posteriormente \u00e0s pr\u00f3prias empresas das quais s\u00e3o s\u00f3cios.<\/p>\n\n\n\n<p>Os policiais cumprem sete mandados de busca e apreens\u00e3o nas casas dos investigados e nas sedes das empresas supostamente envolvidas, em Barueri (SP) e Santana de Parna\u00edba (SP). A opera\u00e7\u00e3o foi batizada de \u201cCiclo Fechado\u201d.<\/p>\n\n\n\n<p><strong>Pablo Mar\u00e7al<\/strong><\/p>\n\n\n\n<p>Mar\u00e7al se lan\u00e7ou candidato a presidente pelo Pros (Partido Republicano da Ordem Social) nas elei\u00e7\u00f5es de 2022. O Tribunal Superior Eleitoral, no entanto, negou a candidatura dele, mantendo a decis\u00e3o da c\u00fapula do pr\u00f3prio partido, que decidiu pela retirada da candidatura do influenciador e empres\u00e1rio.<\/p>\n\n\n<div class=\"wp-block-image\">\n<figure class=\"alignleft size-full\"><img fetchpriority=\"high\" decoding=\"async\" width=\"400\" height=\"300\" src=\"https:\/\/www.portalalerta.com.br\/wp-content\/uploads\/2023\/01\/Auto-Escola-Sonho.jpg\" alt=\"\" class=\"wp-image-47083\" srcset=\"https:\/\/www.portalalerta.com.br\/wp-content\/uploads\/2023\/01\/Auto-Escola-Sonho.jpg 400w, https:\/\/www.portalalerta.com.br\/wp-content\/uploads\/2023\/01\/Auto-Escola-Sonho-320x240.jpg 320w\" sizes=\"(max-width: 400px) 100vw, 400px\" \/><\/figure><\/div>\n\n\n<p>O embate jur\u00eddico sobre a candidatura de Mar\u00e7al envolveu a troca no comando do Pros. No in\u00edcio de agosto do ano passado, a dire\u00e7\u00e3o da sigla decidiu revogar a candidatura do influenciador ap\u00f3s uma ala da legenda defender o apoio a Luiz In\u00e1cio Lula da Silva (PT) no 1\u00ba turno das elei\u00e7\u00f5es e retomar o controle do partido.<\/p>\n\n\n\n<p>A Procuradoria-Geral Eleitoral concedeu parecer favor\u00e1vel \u00e0 candidatura de Pablo Mar\u00e7al, que declarou bens que somam mais de R$ 97 milh\u00f5es. No julgamento do TSE, por\u00e9m, os ministros acompanharam o ministro Alexandre de Moraes, relator do processo, e consideraram v\u00e1lida a decis\u00e3o da dire\u00e7\u00e3o nacional do Pros que retirou a candidatura do candidato.<\/p>\n\n\n\n<p>Atrav\u00e9s de suas redes sociais, Pablo Mar\u00e7al se manifestou dizendo que a opera\u00e7\u00e3o \u00e9 <strong><em>\u201cuma investiga\u00e7\u00e3o Eleitoral sobre as doa\u00e7\u00f5es l\u00edcitas, que movimentamos para usar as aeronaves e ve\u00edculos de propriedade empresarial do grupo societ\u00e1rio que fa\u00e7o parte com o escopo eleitoral\u201d<\/em><\/strong>.<\/p>\n\n\n\n<p><strong><em>\u201cQuero ressaltar que a persegui\u00e7\u00e3o pol\u00edtica engendrada contra a minha pessoa, \u00e9 fruto do pacote que todos est\u00e3o sofrendo por terem apoiado o presidente Bolsonaro. Claramente existe uma tentativa de silenciar as vozes daqueles que defendem a liberdade nessa na\u00e7\u00e3o\u201d<\/em><\/strong>, completou.<\/p>\n\n\n\n<p><em>Fonte: CNN<\/em><\/p>\n","protected":false},"excerpt":{"rendered":"<p>A Pol\u00edcia Federal (PF) realiza na manh\u00e3 desta quarta-feira (5), em S\u00e3o Paulo, uma opera\u00e7\u00e3o que apura crimes de falsidade ideol\u00f3gica eleitoral, apropria\u00e7\u00e3o ind\u00e9bita eleitoral e lavagem de dinheiro ocorridas durante as elei\u00e7\u00f5es de 2022.<\/p>\n","protected":false},"author":2,"featured_media":44097,"comment_status":"open","ping_status":"open","sticky":false,"template":"","format":"standard","meta":{"om_disable_all_campaigns":false,"_monsterinsights_skip_tracking":false,"_monsterinsights_sitenote_active":false,"_monsterinsights_sitenote_note":"","_monsterinsights_sitenote_category":0,"footnotes":""},"categories":[34,70,69,21],"tags":[100,71,48,93,75,4178,6207,4180,129,107,4181,132,230,106,203,120,5543,51,173,109,88,47,111,190],"class_list":["post-49812","post","type-post","status-publish","format-standard","has-post-thumbnail","hentry","category-brasil","category-destaques","category-noticias2","category-politica","tag-adustina","tag-antas","tag-araci","tag-brasil","tag-cicero-dantas","tag-cipo-2","tag-crimes-eleitorais","tag-crisopolis-2","tag-euclides-da-cunha","tag-fatima","tag-heliopolis-2","tag-itapicuru","tag-jeremoabo","tag-nova-soure","tag-novo-triunfo","tag-olindina","tag-pablo-marcal","tag-paripiranga","tag-policia-federal","tag-quijingue","tag-ribeira-do-amparo","tag-ribeira-do-pombal","tag-sitio-do-quinto","tag-tucano"],"aioseo_notices":[],"_links":{"self":[{"href":"https:\/\/www.portalalerta.com.br\/index.php\/wp-json\/wp\/v2\/posts\/49812","targetHints":{"allow":["GET"]}}],"collection":[{"href":"https:\/\/www.portalalerta.com.br\/index.php\/wp-json\/wp\/v2\/posts"}],"about":[{"href":"https:\/\/www.portalalerta.com.br\/index.php\/wp-json\/wp\/v2\/types\/post"}],"author":[{"embeddable":true,"href":"https:\/\/www.portalalerta.com.br\/index.php\/wp-json\/wp\/v2\/users\/2"}],"replies":[{"embeddable":true,"href":"https:\/\/www.portalalerta.com.br\/index.php\/wp-json\/wp\/v2\/comments?post=49812"}],"version-history":[{"count":1,"href":"https:\/\/www.portalalerta.com.br\/index.php\/wp-json\/wp\/v2\/posts\/49812\/revisions"}],"predecessor-version":[{"id":49813,"href":"https:\/\/www.portalalerta.com.br\/index.php\/wp-json\/wp\/v2\/posts\/49812\/revisions\/49813"}],"wp:featuredmedia":[{"embeddable":true,"href":"https:\/\/www.portalalerta.com.br\/index.php\/wp-json\/wp\/v2\/media\/44097"}],"wp:attachment":[{"href":"https:\/\/www.portalalerta.com.br\/index.php\/wp-json\/wp\/v2\/media?parent=49812"}],"wp:term":[{"taxonomy":"category","embeddable":true,"href":"https:\/\/www.portalalerta.com.br\/index.php\/wp-json\/wp\/v2\/categories?post=49812"},{"taxonomy":"post_tag","embeddable":true,"href":"https:\/\/www.portalalerta.com.br\/index.php\/wp-json\/wp\/v2\/tags?post=49812"}],"curies":[{"name":"wp","href":"https:\/\/api.w.org\/{rel}","templated":true}]}}