{"id":49816,"date":"2023-07-05T15:18:12","date_gmt":"2023-07-05T18:18:12","guid":{"rendered":"https:\/\/www.portalalerta.com.br\/?p=49816"},"modified":"2023-07-05T15:18:13","modified_gmt":"2023-07-05T18:18:13","slug":"operacao-forca-total-chega-a-marca-de-186-armas-de-fogo-apreendidas","status":"publish","type":"post","link":"https:\/\/www.portalalerta.com.br\/index.php\/2023\/07\/05\/operacao-forca-total-chega-a-marca-de-186-armas-de-fogo-apreendidas\/","title":{"rendered":"Opera\u00e7\u00e3o For\u00e7a Total chega a marca de 186 armas de fogo apreendidas"},"content":{"rendered":"\n<p>A <strong>&#8216;Opera\u00e7\u00e3o For\u00e7a Total&#8217;<\/strong>, deflagrada pela Pol\u00edcia Militar em todo o estado, chegou a marca de 186 armas de fogo apreendidas, ap\u00f3s 14&nbsp;serem encontradas nesta ter\u00e7a-feira (4), durante a 10\u00aa edi\u00e7\u00e3o. Na capital, um laborat\u00f3rio utilizado para o refino, produ\u00e7\u00e3o e distribui\u00e7\u00e3o de drogas foi desarticulado, ap\u00f3s apreens\u00e3o de prensas e outros utens\u00edlios encontrados no local.<\/p>\n\n\n\n<!--more-->\n\n\n\n<p>Blitze, abordagens e rondas desta \u00faltima edi\u00e7\u00e3o resultaram na pris\u00e3o de sete foragidos da Justi\u00e7a,&nbsp;em 12 ve\u00edculos com restri\u00e7\u00f5es&nbsp;recuperados e outros com 183 irregularidades apreendidos.<\/p>\n\n\n\n<p>O gestor da pasta da Secretaria da Seguran\u00e7a P\u00fablica, Marcelo Werner, ressaltou a import\u00e2ncia dessa a\u00e7\u00e3o para a redu\u00e7\u00e3o dos \u00edndices. <strong><em>&#8220;A&nbsp;retirada dessas armas das ruas, em diferentes regi\u00f5es, com certeza ajudar\u00e1 na redu\u00e7\u00e3o de delitos contra a vida&#8221;<\/em><\/strong>, informou o secret\u00e1rio.<\/p>\n\n\n\n<p><strong>Balan\u00e7o<\/strong><\/p>\n\n\n\n<p>Desde o lan\u00e7amento da &#8216;Opera\u00e7\u00e3o For\u00e7a Total&#8217;, em janeiro de 2022, foram abordadas quase 500 mil pessoas e 273 mil ve\u00edculos, resultando&nbsp; nas pris\u00f5es de 134 procurados, na recupera\u00e7\u00e3o&nbsp; de 170 ve\u00edculos e na apreens\u00e3o&nbsp; de 1.340 por\u00e7\u00f5es&nbsp; de drogas, al\u00e9m das 186 armas encontradas.&nbsp;&nbsp;<\/p>\n\n\n\n<p>O comandante-geral da PM, coronel Paulo Coutinho, destaca o desempenho da corpora\u00e7\u00e3o durante as a\u00e7\u00f5es feitas com viaturas quatro e duas rodas, policiamento a\u00e9reo, montado e a p\u00e9 nos variados pontos estrat\u00e9gicos, al\u00e9m da utiliza\u00e7\u00e3o da tecnologia como os novos Terminais de Comunica\u00e7\u00e3o LTE, que propiciam&nbsp; transmiss\u00e3o r\u00e1pida, est\u00e1vel e segura de informa\u00e7\u00f5es.&nbsp;&nbsp;<\/p>\n\n\n\n<p><strong><em>&nbsp;&#8220;Atuamos em todo o estado de forma preventiva, com a repress\u00e3o qualificada de n\u00edvel elevado de ostensividade, al\u00e9m de levar a sensa\u00e7\u00e3o de seguran\u00e7a \u00e0 sociedade. Nesta edi\u00e7\u00e3o, fechamos com chave de ouro, na desativa\u00e7\u00e3o de um laborat\u00f3rio de coca\u00edna&#8221;<\/em><\/strong>, pontuou.<\/p>\n\n\n\n<p><em>Fonte: SECOM\/ SSP-BA<\/em><\/p>\n","protected":false},"excerpt":{"rendered":"<p>A &#8216;Opera\u00e7\u00e3o For\u00e7a Total&#8217;, deflagrada pela Pol\u00edcia Militar em todo o estado, chegou a marca de 186 armas de fogo apreendidas, ap\u00f3s 14&nbsp;serem encontradas nesta ter\u00e7a-feira (4), durante a 10\u00aa edi\u00e7\u00e3o. Na capital, um laborat\u00f3rio utilizado para o refino, produ\u00e7\u00e3o e distribui\u00e7\u00e3o de drogas foi desarticulado, ap\u00f3s apreens\u00e3o de prensas e outros utens\u00edlios encontrados no &hellip;<\/p>\n","protected":false},"author":2,"featured_media":49817,"comment_status":"open","ping_status":"open","sticky":false,"template":"","format":"standard","meta":{"om_disable_all_campaigns":false,"_monsterinsights_skip_tracking":false,"_monsterinsights_sitenote_active":false,"_monsterinsights_sitenote_note":"","_monsterinsights_sitenote_category":0,"footnotes":""},"categories":[33,70,69,22],"tags":[100,71,2563,48,54,75,4178,4180,129,107,4181,132,230,106,203,120,5886,51,79,109,88,47,111,190],"class_list":["post-49816","post","type-post","status-publish","format-standard","has-post-thumbnail","hentry","category-bahia","category-destaques","category-noticias2","category-seguranca","tag-adustina","tag-antas","tag-apreensao-de-arma-de-fogo","tag-araci","tag-bahia","tag-cicero-dantas","tag-cipo-2","tag-crisopolis-2","tag-euclides-da-cunha","tag-fatima","tag-heliopolis-2","tag-itapicuru","tag-jeremoabo","tag-nova-soure","tag-novo-triunfo","tag-olindina","tag-operacao-forca-total","tag-paripiranga","tag-policia-militar","tag-quijingue","tag-ribeira-do-amparo","tag-ribeira-do-pombal","tag-sitio-do-quinto","tag-tucano"],"aioseo_notices":[],"_links":{"self":[{"href":"https:\/\/www.portalalerta.com.br\/index.php\/wp-json\/wp\/v2\/posts\/49816","targetHints":{"allow":["GET"]}}],"collection":[{"href":"https:\/\/www.portalalerta.com.br\/index.php\/wp-json\/wp\/v2\/posts"}],"about":[{"href":"https:\/\/www.portalalerta.com.br\/index.php\/wp-json\/wp\/v2\/types\/post"}],"author":[{"embeddable":true,"href":"https:\/\/www.portalalerta.com.br\/index.php\/wp-json\/wp\/v2\/users\/2"}],"replies":[{"embeddable":true,"href":"https:\/\/www.portalalerta.com.br\/index.php\/wp-json\/wp\/v2\/comments?post=49816"}],"version-history":[{"count":1,"href":"https:\/\/www.portalalerta.com.br\/index.php\/wp-json\/wp\/v2\/posts\/49816\/revisions"}],"predecessor-version":[{"id":49818,"href":"https:\/\/www.portalalerta.com.br\/index.php\/wp-json\/wp\/v2\/posts\/49816\/revisions\/49818"}],"wp:featuredmedia":[{"embeddable":true,"href":"https:\/\/www.portalalerta.com.br\/index.php\/wp-json\/wp\/v2\/media\/49817"}],"wp:attachment":[{"href":"https:\/\/www.portalalerta.com.br\/index.php\/wp-json\/wp\/v2\/media?parent=49816"}],"wp:term":[{"taxonomy":"category","embeddable":true,"href":"https:\/\/www.portalalerta.com.br\/index.php\/wp-json\/wp\/v2\/categories?post=49816"},{"taxonomy":"post_tag","embeddable":true,"href":"https:\/\/www.portalalerta.com.br\/index.php\/wp-json\/wp\/v2\/tags?post=49816"}],"curies":[{"name":"wp","href":"https:\/\/api.w.org\/{rel}","templated":true}]}}