{"id":49824,"date":"2023-07-06T07:02:00","date_gmt":"2023-07-06T10:02:00","guid":{"rendered":"https:\/\/www.portalalerta.com.br\/?p=49824"},"modified":"2023-07-05T20:18:41","modified_gmt":"2023-07-05T23:18:41","slug":"aviao-suspeito-e-perseguido-pela-fab-no-parana-e-faz-pouso-forcado-piloto-incendeia-aeronave","status":"publish","type":"post","link":"https:\/\/www.portalalerta.com.br\/index.php\/2023\/07\/06\/aviao-suspeito-e-perseguido-pela-fab-no-parana-e-faz-pouso-forcado-piloto-incendeia-aeronave\/","title":{"rendered":"Avi\u00e3o suspeito \u00e9 perseguido pela FAB no Paran\u00e1 e faz pouso for\u00e7ado; piloto incendeia aeronave"},"content":{"rendered":"\n<p>Ap\u00f3s ser perseguido por\u00a0avi\u00f5es\u00a0da\u00a0For\u00e7a A\u00e9rea Brasileira (FAB), o piloto de uma aeronave fez um pouso for\u00e7ado e incendiou o pr\u00f3prio avi\u00e3o, nesta ter\u00e7a-feira (4), em Tuneiras do Oeste, no interior do\u00a0Paran\u00e1.<\/p>\n\n\n\n<!--more-->\n\n\n\n<p>De acordo com a FAB, a aeronave de pequeno porte, de modelo PA-28, entrou no espa\u00e7o a\u00e9reo brasileiro sem autoriza\u00e7\u00e3o e plano de voo. As aeronaves de defesa a\u00e9rea, o ca\u00e7a A-29 Super Tucano e o avi\u00e3o radar E-99 da FAB passaram a monitorar o avi\u00e3o, classificado como suspeito.<\/p>\n\n\n<div class=\"wp-block-image\">\n<figure class=\"alignleft size-full is-resized\"><img fetchpriority=\"high\" decoding=\"async\" src=\"https:\/\/www.portalalerta.com.br\/wp-content\/uploads\/2022\/03\/Cred-Real.1.jpg\" alt=\"\" class=\"wp-image-41523\" width=\"376\" height=\"301\" srcset=\"https:\/\/www.portalalerta.com.br\/wp-content\/uploads\/2022\/03\/Cred-Real.1.jpg 500w, https:\/\/www.portalalerta.com.br\/wp-content\/uploads\/2022\/03\/Cred-Real.1-300x240.jpg 300w, https:\/\/www.portalalerta.com.br\/wp-content\/uploads\/2022\/03\/Cred-Real.1-183x146.jpg 183w, https:\/\/www.portalalerta.com.br\/wp-content\/uploads\/2022\/03\/Cred-Real.1-50x40.jpg 50w, https:\/\/www.portalalerta.com.br\/wp-content\/uploads\/2022\/03\/Cred-Real.1-94x75.jpg 94w\" sizes=\"(max-width: 376px) 100vw, 376px\" \/><\/figure><\/div>\n\n\n<p>Na sequ\u00eancia, segundo nota da FAB, o piloto pousou em uma pista de terra e, em seguida, incendiou o avi\u00e3o. Ele se evadiu do local antes da chegada dos agentes policiais. A opera\u00e7\u00e3o foi realizada em conjunto com a Pol\u00edcia Federal, com apoio da\u00a0Pol\u00edcia Militar\u00a0do Paran\u00e1.<\/p>\n\n\n\n<p>A PM montou um cerco na tentativa de capturar o suspeito, que fugiu por um canavial. Ele n\u00e3o tinha sido localizado at\u00e9 a manh\u00e3 desta quarta-feira (5). Os destro\u00e7os do avi\u00e3o incendiado foram preservados para a per\u00edcia.<\/p>\n\n\n\n<p>O cerco \u00e0 aeronave invasora foi feito no contexto da Opera\u00e7\u00e3o \u00c1gata Conjunta Sul, de combate aos crimes transfronteiri\u00e7os, reunindo\u00a0Ex\u00e9rcito,\u00a0Marinha\u00a0e\u00a0Aeron\u00e1utica, que teve o trabalho de campo iniciado no dia 1\u00ba de julho.<\/p>\n\n\n\n<p>A iniciativa, coordenada pelo\u00a0Minist\u00e9rio da Defesa, tem como objetivo realizar a\u00e7\u00f5es preventivas e repressivas na fronteira terrestre e mar\u00edtima contra crimes transfronteiri\u00e7os e ambientais, com a participa\u00e7\u00e3o dos \u00f3rg\u00e3os de seguran\u00e7a e de fiscaliza\u00e7\u00e3o estaduais e federais.<\/p>\n\n\n\n<p><em>Fonte: CNN<\/em><\/p>\n","protected":false},"excerpt":{"rendered":"<p>Ap\u00f3s ser perseguido por\u00a0avi\u00f5es\u00a0da\u00a0For\u00e7a A\u00e9rea Brasileira (FAB), o piloto de uma aeronave fez um pouso for\u00e7ado e incendiou o pr\u00f3prio avi\u00e3o, nesta ter\u00e7a-feira (4), em Tuneiras do Oeste, no interior do\u00a0Paran\u00e1.<\/p>\n","protected":false},"author":2,"featured_media":49825,"comment_status":"open","ping_status":"open","sticky":false,"template":"","format":"standard","meta":{"om_disable_all_campaigns":false,"_monsterinsights_skip_tracking":false,"_monsterinsights_sitenote_active":false,"_monsterinsights_sitenote_note":"","_monsterinsights_sitenote_category":0,"footnotes":""},"categories":[34,70,69,22],"tags":[100,71,48,324,93,75,4178,4180,129,1166,107,4181,593,132,230,106,203,120,51,109,88,47,111,190],"class_list":["post-49824","post","type-post","status-publish","format-standard","has-post-thumbnail","hentry","category-brasil","category-destaques","category-noticias2","category-seguranca","tag-adustina","tag-antas","tag-araci","tag-aviao","tag-brasil","tag-cicero-dantas","tag-cipo-2","tag-crisopolis-2","tag-euclides-da-cunha","tag-fab","tag-fatima","tag-heliopolis-2","tag-incendio","tag-itapicuru","tag-jeremoabo","tag-nova-soure","tag-novo-triunfo","tag-olindina","tag-paripiranga","tag-quijingue","tag-ribeira-do-amparo","tag-ribeira-do-pombal","tag-sitio-do-quinto","tag-tucano"],"aioseo_notices":[],"_links":{"self":[{"href":"https:\/\/www.portalalerta.com.br\/index.php\/wp-json\/wp\/v2\/posts\/49824","targetHints":{"allow":["GET"]}}],"collection":[{"href":"https:\/\/www.portalalerta.com.br\/index.php\/wp-json\/wp\/v2\/posts"}],"about":[{"href":"https:\/\/www.portalalerta.com.br\/index.php\/wp-json\/wp\/v2\/types\/post"}],"author":[{"embeddable":true,"href":"https:\/\/www.portalalerta.com.br\/index.php\/wp-json\/wp\/v2\/users\/2"}],"replies":[{"embeddable":true,"href":"https:\/\/www.portalalerta.com.br\/index.php\/wp-json\/wp\/v2\/comments?post=49824"}],"version-history":[{"count":1,"href":"https:\/\/www.portalalerta.com.br\/index.php\/wp-json\/wp\/v2\/posts\/49824\/revisions"}],"predecessor-version":[{"id":49826,"href":"https:\/\/www.portalalerta.com.br\/index.php\/wp-json\/wp\/v2\/posts\/49824\/revisions\/49826"}],"wp:featuredmedia":[{"embeddable":true,"href":"https:\/\/www.portalalerta.com.br\/index.php\/wp-json\/wp\/v2\/media\/49825"}],"wp:attachment":[{"href":"https:\/\/www.portalalerta.com.br\/index.php\/wp-json\/wp\/v2\/media?parent=49824"}],"wp:term":[{"taxonomy":"category","embeddable":true,"href":"https:\/\/www.portalalerta.com.br\/index.php\/wp-json\/wp\/v2\/categories?post=49824"},{"taxonomy":"post_tag","embeddable":true,"href":"https:\/\/www.portalalerta.com.br\/index.php\/wp-json\/wp\/v2\/tags?post=49824"}],"curies":[{"name":"wp","href":"https:\/\/api.w.org\/{rel}","templated":true}]}}