{"id":49827,"date":"2023-07-06T07:02:00","date_gmt":"2023-07-06T10:02:00","guid":{"rendered":"https:\/\/www.portalalerta.com.br\/?p=49827"},"modified":"2023-07-05T20:25:31","modified_gmt":"2023-07-05T23:25:31","slug":"invasao-de-capivaras-afeta-areas-rurais-em-ribeira-do-pombal-ba","status":"publish","type":"post","link":"https:\/\/www.portalalerta.com.br\/index.php\/2023\/07\/06\/invasao-de-capivaras-afeta-areas-rurais-em-ribeira-do-pombal-ba\/","title":{"rendered":"Invas\u00e3o de capivaras afeta \u00e1reas rurais em Ribeira do Pombal-BA"},"content":{"rendered":"\n<p>Produtores rurais de Ribeira do Pombal-BA e regi\u00e3o est\u00e3o enfrentando um s\u00e9rio problema com a invas\u00e3o de capivaras em suas propriedades. Al\u00e9m do povoado de Moc\u00f3, a situa\u00e7\u00e3o tamb\u00e9m est\u00e1 sendo observada na regi\u00e3o do Cabur\u00e9, onde um produtor rural teve sua planta\u00e7\u00e3o de cana-de-a\u00e7\u00facar afetada pelos animais.<\/p>\n\n\n\n<!--more-->\n\n\n\n<p>A Secretaria do Meio Ambiente (SEMMARH) foi acionada e est\u00e1 atenta ao crescimento desse fen\u00f4meno. Imagens impactantes foram registradas, mostrando as capivaras destruindo planta\u00e7\u00f5es e pastagens da regi\u00e3o. A presen\u00e7a desses animais n\u00e3o \u00e9 comum na fauna local, tornando o problema ainda mais preocupante.<\/p>\n\n\n\n<p>Al\u00e9m dos preju\u00edzos financeiros para os produtores rurais, existe uma crescente preocupa\u00e7\u00e3o com rela\u00e7\u00e3o \u00e0 sa\u00fade p\u00fablica. As capivaras s\u00e3o conhecidas por serem um dos principais hospedeiros do carrapato estrela, que pode transmitir doen\u00e7as para humanos e outros animais.<\/p>\n\n\n\n<p>Diante dessa preocupa\u00e7\u00e3o, a SEMAR est\u00e1 trabalhando em conjunto com o Instituto do Meio Ambiente e Recursos H\u00eddricos (INEMA) para encontrar solu\u00e7\u00f5es adequadas para essa invas\u00e3o de capivaras. A captura e realoca\u00e7\u00e3o desses animais, al\u00e9m do controle dos carrapatos, est\u00e3o entre as a\u00e7\u00f5es consideradas para resolver o problema.<\/p>\n\n\n\n<p>A gravidade do problema requer uma resposta r\u00e1pida e efetiva por parte das autoridades competentes.<\/p>\n\n\n\n<p>Enquanto as medidas est\u00e3o sendo estudadas e implementadas, os produtores rurais est\u00e3o buscando alternativas para minimizar os preju\u00edzos. Ao mesmo tempo, \u00e9 essencial conscientizar a popula\u00e7\u00e3o sobre a import\u00e2ncia da preserva\u00e7\u00e3o da fauna local e do ecossistema em geral.<\/p>\n\n\n\n<p>\u00c9 fundamental que a invas\u00e3o das capivaras seja controlada, n\u00e3o apenas para proteger os interesses econ\u00f4micos dos produtores rurais, mas tamb\u00e9m para garantir a sa\u00fade e o equil\u00edbrio ambiental em Ribeira do Pombal e regi\u00e3o. A esperan\u00e7a \u00e9 que a\u00e7\u00f5es efetivas possam ser tomadas em breve para mitigar esse problema crescente.<\/p>\n\n\n\n<p><em>Fonte: Dia a Dia Nordeste<\/em><\/p>\n","protected":false},"excerpt":{"rendered":"<p>Produtores rurais de Ribeira do Pombal-BA e regi\u00e3o est\u00e3o enfrentando um s\u00e9rio problema com a invas\u00e3o de capivaras em suas propriedades. Al\u00e9m do povoado de Moc\u00f3, a situa\u00e7\u00e3o tamb\u00e9m est\u00e1 sendo observada na regi\u00e3o do Cabur\u00e9, onde um produtor rural teve sua planta\u00e7\u00e3o de cana-de-a\u00e7\u00facar afetada pelos animais.<\/p>\n","protected":false},"author":2,"featured_media":49828,"comment_status":"open","ping_status":"open","sticky":false,"template":"","format":"standard","meta":{"om_disable_all_campaigns":false,"_monsterinsights_skip_tracking":false,"_monsterinsights_sitenote_active":false,"_monsterinsights_sitenote_note":"","_monsterinsights_sitenote_category":0,"footnotes":""},"categories":[70,69,32,3],"tags":[100,71,48,6209,75,4178,4180,129,107,4181,132,230,106,203,120,51,109,88,47,111,190],"class_list":["post-49827","post","type-post","status-publish","format-standard","has-post-thumbnail","hentry","category-destaques","category-noticias2","category-regiao","category-ribeira-do-pombal","tag-adustina","tag-antas","tag-araci","tag-capivaras","tag-cicero-dantas","tag-cipo-2","tag-crisopolis-2","tag-euclides-da-cunha","tag-fatima","tag-heliopolis-2","tag-itapicuru","tag-jeremoabo","tag-nova-soure","tag-novo-triunfo","tag-olindina","tag-paripiranga","tag-quijingue","tag-ribeira-do-amparo","tag-ribeira-do-pombal","tag-sitio-do-quinto","tag-tucano"],"aioseo_notices":[],"_links":{"self":[{"href":"https:\/\/www.portalalerta.com.br\/index.php\/wp-json\/wp\/v2\/posts\/49827","targetHints":{"allow":["GET"]}}],"collection":[{"href":"https:\/\/www.portalalerta.com.br\/index.php\/wp-json\/wp\/v2\/posts"}],"about":[{"href":"https:\/\/www.portalalerta.com.br\/index.php\/wp-json\/wp\/v2\/types\/post"}],"author":[{"embeddable":true,"href":"https:\/\/www.portalalerta.com.br\/index.php\/wp-json\/wp\/v2\/users\/2"}],"replies":[{"embeddable":true,"href":"https:\/\/www.portalalerta.com.br\/index.php\/wp-json\/wp\/v2\/comments?post=49827"}],"version-history":[{"count":1,"href":"https:\/\/www.portalalerta.com.br\/index.php\/wp-json\/wp\/v2\/posts\/49827\/revisions"}],"predecessor-version":[{"id":49829,"href":"https:\/\/www.portalalerta.com.br\/index.php\/wp-json\/wp\/v2\/posts\/49827\/revisions\/49829"}],"wp:featuredmedia":[{"embeddable":true,"href":"https:\/\/www.portalalerta.com.br\/index.php\/wp-json\/wp\/v2\/media\/49828"}],"wp:attachment":[{"href":"https:\/\/www.portalalerta.com.br\/index.php\/wp-json\/wp\/v2\/media?parent=49827"}],"wp:term":[{"taxonomy":"category","embeddable":true,"href":"https:\/\/www.portalalerta.com.br\/index.php\/wp-json\/wp\/v2\/categories?post=49827"},{"taxonomy":"post_tag","embeddable":true,"href":"https:\/\/www.portalalerta.com.br\/index.php\/wp-json\/wp\/v2\/tags?post=49827"}],"curies":[{"name":"wp","href":"https:\/\/api.w.org\/{rel}","templated":true}]}}