{"id":49830,"date":"2023-07-06T07:03:00","date_gmt":"2023-07-06T10:03:00","guid":{"rendered":"https:\/\/www.portalalerta.com.br\/?p=49830"},"modified":"2023-07-05T20:32:03","modified_gmt":"2023-07-05T23:32:03","slug":"confederacao-de-municipios-declara-apoio-a-relatorio-da-reforma-tributaria","status":"publish","type":"post","link":"https:\/\/www.portalalerta.com.br\/index.php\/2023\/07\/06\/confederacao-de-municipios-declara-apoio-a-relatorio-da-reforma-tributaria\/","title":{"rendered":"Confedera\u00e7\u00e3o de munic\u00edpios declara apoio \u00e0 relat\u00f3rio da reforma tribut\u00e1ria"},"content":{"rendered":"\n<p>A Confedera\u00e7\u00e3o Nacional de Munic\u00edpios (CNM) declarou, nesta quarta-feira (5), apoio ao relat\u00f3rio da reforma tribut\u00e1ria do deputado Aguinaldo Ribeiro (PP-PB). Para viabilizar esse apoio, o relator far\u00e1 algumas modifica\u00e7\u00f5es no texto para atender os interesses dos munic\u00edpios.<\/p>\n\n\n\n<!--more-->\n\n\n\n<p>O apoio da CNM \u00e9 importante para refor\u00e7ar a onda de apoios \u00e0 reforma tribut\u00e1ria \u00e0s v\u00e9speras da data prevista de vota\u00e7\u00e3o da proposta no plen\u00e1rio da C\u00e2mara dos Deputados.<\/p>\n\n\n\n<p>O relator, Aguinaldo Ribeiro, intensificou suas reuni\u00f5es e busca o m\u00e1ximo de apoio de bancadas partid\u00e1rias, de setores econ\u00f4micos e de agentes pol\u00edticos.<\/p>\n\n\n<div class=\"wp-block-image\">\n<figure class=\"alignleft size-full is-resized\"><img fetchpriority=\"high\" decoding=\"async\" src=\"https:\/\/www.portalalerta.com.br\/wp-content\/uploads\/2021\/04\/ELAB.jpg\" alt=\"\" class=\"wp-image-34795\" width=\"369\" height=\"294\" srcset=\"https:\/\/www.portalalerta.com.br\/wp-content\/uploads\/2021\/04\/ELAB.jpg 1000w, https:\/\/www.portalalerta.com.br\/wp-content\/uploads\/2021\/04\/ELAB-300x240.jpg 300w, https:\/\/www.portalalerta.com.br\/wp-content\/uploads\/2021\/04\/ELAB-768x614.jpg 768w, https:\/\/www.portalalerta.com.br\/wp-content\/uploads\/2021\/04\/ELAB-183x146.jpg 183w, https:\/\/www.portalalerta.com.br\/wp-content\/uploads\/2021\/04\/ELAB-50x40.jpg 50w, https:\/\/www.portalalerta.com.br\/wp-content\/uploads\/2021\/04\/ELAB-94x75.jpg 94w\" sizes=\"(max-width: 369px) 100vw, 369px\" \/><\/figure><\/div>\n\n\n<p>Segundo a CNM, a reforma \u00e9 \u201cnecess\u00e1ria e urgente para o desenvolvimento do pa\u00eds\u201d.<\/p>\n\n\n\n<p><strong><em>\u201c\u00c9 importante ressaltar que os prefeitos n\u00e3o s\u00e3o contra a reforma. A opini\u00e3o de um pequeno grupo de gestores n\u00e3o deve ser generalizada para todo o pa\u00eds\u201d<\/em><\/strong>, declarou a CNM em nota divulgada nesta quarta.<\/p>\n\n\n\n<p>A confedera\u00e7\u00e3o se referiu ao fato de a Frente Nacional de Prefeitos (FNP), que representa os maiores munic\u00edpios do pa\u00eds, ter se posicionado contra a proposta de reforma tribut\u00e1ria em discuss\u00e3o no Congresso.<\/p>\n\n\n\n<p>O apoio da CNM veio ap\u00f3s Aguinaldo ter inclu\u00eddo em seu texto as seguintes modifica\u00e7\u00f5es:<\/p>\n\n\n\n<ul class=\"wp-block-list\">\n<li><strong>paridade na governan\u00e7a do Conselho Federativo: a CNM defende que, na diretoria e no \u00f3rg\u00e3o de governan\u00e7a do conselho, esteja previsto expressamente na Constitui\u00e7\u00e3o o princ\u00edpio de paridade;<\/strong><\/li>\n\n\n\n<li><strong>compras p\u00fablicas e imunidade rec\u00edproca plena: CNM defende que a Constitui\u00e7\u00e3o traga, de forma clara, e que n\u00e3o possa ser restringida por lei complementar a imunidade;<\/strong><\/li>\n\n\n\n<li><strong>distribui\u00e7\u00e3o autom\u00e1tica de recursos do Conselho Federativo: CNM defende que, quando o recurso entrar no conselho, automaticamente, sem nenhum interfer\u00eancia pol\u00edtica, seja distribu\u00eddo ao munic\u00edpio titular;<\/strong><\/li>\n\n\n\n<li><strong>e fundos com transi\u00e7\u00e3o partilhados com munic\u00edpios: CNM defende que todos os fundos existentes estaduais ou federais tenham partilha com os entes locais do produto da arrecada\u00e7\u00e3o.<\/strong><\/li>\n<\/ul>\n\n\n\n<p>A reforma tribut\u00e1ria est\u00e1 na pauta da C\u00e2mara e ser\u00e1 votada at\u00e9 a sexta-feira (7), segundo o presidente da C\u00e2mara, Arthur Lira (PP-AL). At\u00e9 l\u00e1, Lira, Aguinaldo e integrantes do governo t\u00eam atuado com empenho para garantir apoio \u00e0 proposta em discuss\u00e3o no Congresso.<\/p>\n\n\n\n<p>Uma das a\u00e7\u00f5es do governo para garantir esse apoio \u00e9 a libera\u00e7\u00e3o de emendas parlamentares. Na ter\u00e7a-feira (4), em meio \u00e0 negocia\u00e7\u00e3o pela aprova\u00e7\u00e3o da reforma tribut\u00e1ria, o governo liberou o recorde de emendas: R$ 2,1 bilh\u00f5es empenhados em um \u00fanico dia.<\/p>\n\n\n\n<p><em>Fonte: CNN<\/em><\/p>\n","protected":false},"excerpt":{"rendered":"<p>A Confedera\u00e7\u00e3o Nacional de Munic\u00edpios (CNM) declarou, nesta quarta-feira (5), apoio ao relat\u00f3rio da reforma tribut\u00e1ria do deputado Aguinaldo Ribeiro (PP-PB). Para viabilizar esse apoio, o relator far\u00e1 algumas modifica\u00e7\u00f5es no texto para atender os interesses dos munic\u00edpios.<\/p>\n","protected":false},"author":2,"featured_media":49831,"comment_status":"open","ping_status":"open","sticky":false,"template":"","format":"standard","meta":{"om_disable_all_campaigns":false,"_monsterinsights_skip_tracking":false,"_monsterinsights_sitenote_active":false,"_monsterinsights_sitenote_note":"","_monsterinsights_sitenote_category":0,"footnotes":""},"categories":[34,70,69,21],"tags":[100,71,1441,48,93,75,4178,3270,4180,129,107,4181,132,230,106,203,120,51,109,3922,88,47,111],"class_list":["post-49830","post","type-post","status-publish","format-standard","has-post-thumbnail","hentry","category-brasil","category-destaques","category-noticias2","category-politica","tag-adustina","tag-antas","tag-apoio","tag-araci","tag-brasil","tag-cicero-dantas","tag-cipo-2","tag-cnm","tag-crisopolis-2","tag-euclides-da-cunha","tag-fatima","tag-heliopolis-2","tag-itapicuru","tag-jeremoabo","tag-nova-soure","tag-novo-triunfo","tag-olindina","tag-paripiranga","tag-quijingue","tag-reforma-tributaria","tag-ribeira-do-amparo","tag-ribeira-do-pombal","tag-sitio-do-quinto"],"aioseo_notices":[],"_links":{"self":[{"href":"https:\/\/www.portalalerta.com.br\/index.php\/wp-json\/wp\/v2\/posts\/49830","targetHints":{"allow":["GET"]}}],"collection":[{"href":"https:\/\/www.portalalerta.com.br\/index.php\/wp-json\/wp\/v2\/posts"}],"about":[{"href":"https:\/\/www.portalalerta.com.br\/index.php\/wp-json\/wp\/v2\/types\/post"}],"author":[{"embeddable":true,"href":"https:\/\/www.portalalerta.com.br\/index.php\/wp-json\/wp\/v2\/users\/2"}],"replies":[{"embeddable":true,"href":"https:\/\/www.portalalerta.com.br\/index.php\/wp-json\/wp\/v2\/comments?post=49830"}],"version-history":[{"count":1,"href":"https:\/\/www.portalalerta.com.br\/index.php\/wp-json\/wp\/v2\/posts\/49830\/revisions"}],"predecessor-version":[{"id":49832,"href":"https:\/\/www.portalalerta.com.br\/index.php\/wp-json\/wp\/v2\/posts\/49830\/revisions\/49832"}],"wp:featuredmedia":[{"embeddable":true,"href":"https:\/\/www.portalalerta.com.br\/index.php\/wp-json\/wp\/v2\/media\/49831"}],"wp:attachment":[{"href":"https:\/\/www.portalalerta.com.br\/index.php\/wp-json\/wp\/v2\/media?parent=49830"}],"wp:term":[{"taxonomy":"category","embeddable":true,"href":"https:\/\/www.portalalerta.com.br\/index.php\/wp-json\/wp\/v2\/categories?post=49830"},{"taxonomy":"post_tag","embeddable":true,"href":"https:\/\/www.portalalerta.com.br\/index.php\/wp-json\/wp\/v2\/tags?post=49830"}],"curies":[{"name":"wp","href":"https:\/\/api.w.org\/{rel}","templated":true}]}}