{"id":50158,"date":"2023-07-25T15:45:07","date_gmt":"2023-07-25T18:45:07","guid":{"rendered":"https:\/\/www.portalalerta.com.br\/?p=50158"},"modified":"2023-07-25T15:45:09","modified_gmt":"2023-07-25T18:45:09","slug":"anexos-sigilosos-da-delacao-de-elcio-queiroz-servirao-para-encontrar-intermediario-da-morte-de-marielle-avaliam-fontes","status":"publish","type":"post","link":"https:\/\/www.portalalerta.com.br\/index.php\/2023\/07\/25\/anexos-sigilosos-da-delacao-de-elcio-queiroz-servirao-para-encontrar-intermediario-da-morte-de-marielle-avaliam-fontes\/","title":{"rendered":"Anexos sigilosos da dela\u00e7\u00e3o de \u00c9lcio Queiroz servir\u00e3o para encontrar \u201cintermedi\u00e1rio\u201d da morte de Marielle, avaliam fontes"},"content":{"rendered":"\n<p>Foco agora \u00e9 sobre Edimilson Oliveira da Silva, conhecido como Macal\u00e9, sargento da PM e apontado na dela\u00e7\u00e3o como o respons\u00e1vel por passar a &#8220;miss\u00e3o&#8221; da morte de Marielle a Ronnie Lessa<\/p>\n\n\n\n<!--more-->\n\n\n\n<p>O ex-policial militar \u00c9lcio Queiroz, que confessou participa\u00e7\u00e3o\u00a0na morte da vereadora\u00a0Marielle Franco\u00a0(PSOL), n\u00e3o relatou em sua dela\u00e7\u00e3o premiada o nome do mandante do crime, disseram \u00e0\u00a0<strong>CNN<\/strong>\u00a0investigadores com acesso ao caso.<\/p>\n\n\n<div class=\"wp-block-image\">\n<figure class=\"alignleft size-full is-resized\"><img fetchpriority=\"high\" decoding=\"async\" src=\"https:\/\/www.portalalerta.com.br\/wp-content\/uploads\/2022\/03\/Cred-Real.1.jpg\" alt=\"\" class=\"wp-image-41523\" width=\"375\" height=\"300\" srcset=\"https:\/\/www.portalalerta.com.br\/wp-content\/uploads\/2022\/03\/Cred-Real.1.jpg 500w, https:\/\/www.portalalerta.com.br\/wp-content\/uploads\/2022\/03\/Cred-Real.1-300x240.jpg 300w, https:\/\/www.portalalerta.com.br\/wp-content\/uploads\/2022\/03\/Cred-Real.1-183x146.jpg 183w, https:\/\/www.portalalerta.com.br\/wp-content\/uploads\/2022\/03\/Cred-Real.1-50x40.jpg 50w, https:\/\/www.portalalerta.com.br\/wp-content\/uploads\/2022\/03\/Cred-Real.1-94x75.jpg 94w\" sizes=\"(max-width: 375px) 100vw, 375px\" \/><\/figure><\/div>\n\n\n<p>No trecho da colabora\u00e7\u00e3o que se tornou p\u00fablico, Queiroz afirma que, segundo Lessa, o crime foi cometido por uma quest\u00e3o \u201cpessoal\u201d. Mas o surgimento de novos personagens e a conex\u00e3o deles com Lessa \u00e9, agora, o foco da investiga\u00e7\u00e3o da Pol\u00edcia Federal e do Minist\u00e9rio P\u00fablico do Rio, que trabalham para chegar aos mandantes e aos motivos que levaram Marielle a ser morta.<\/p>\n\n\n\n<p>Os anexos ainda sigilosos da dela\u00e7\u00e3o de \u00c9lcio Queiroz trazem novas informa\u00e7\u00f5es sobre as conex\u00f5es de Ronnie Lessa com outros criminosos e sobre os neg\u00f3cios tocados pelo ex-policial militar. \u00c9 com base nesses depoimentos que a PF quer entender melhor qual a conex\u00e3o de Lessa com os supostos \u201cintermedi\u00e1rios\u201d, pessoas que teriam feito a liga\u00e7\u00e3o entre o mandante e o ex-policial militar.<\/p>\n\n\n\n<p>O foco agora \u00e9 sobre Edimilson Oliveira da Silva, conhecido como Macal\u00e9, sargento da PM e apontado na dela\u00e7\u00e3o como o respons\u00e1vel por passar a \u201cmiss\u00e3o\u201d da morte de Marielle a Ronnie Lessa. Ele foi assassinado em 2021 em crime at\u00e9 hoje n\u00e3o esclarecido.<\/p>\n\n\n\n<p>Nas palavras de um investigador, Macal\u00e9 era \u201cum homem de v\u00e1rios senhores\u201d, ou seja, prestava \u201cservi\u00e7o\u201d para diversos criminosos do Rio de Janeiro, inclusive para mil\u00edcias com atua\u00e7\u00e3o nas zonas norte e oeste da cidade.<\/p>\n\n\n\n<p>A PF trabalha para encontrar evid\u00eancias de que ele e Lessa mantinham uma rela\u00e7\u00e3o frequente, e a partir dela, avan\u00e7ar sobre o poss\u00edvel mandante do crime.<\/p>\n\n\n\n<p><em>Fonte: CNN<\/em><\/p>\n","protected":false},"excerpt":{"rendered":"<p>Foco agora \u00e9 sobre Edimilson Oliveira da Silva, conhecido como Macal\u00e9, sargento da PM e apontado na dela\u00e7\u00e3o como o respons\u00e1vel por passar a &#8220;miss\u00e3o&#8221; da morte de Marielle a Ronnie Lessa<\/p>\n","protected":false},"author":2,"featured_media":50159,"comment_status":"open","ping_status":"open","sticky":false,"template":"","format":"standard","meta":{"om_disable_all_campaigns":false,"_monsterinsights_skip_tracking":false,"_monsterinsights_sitenote_active":false,"_monsterinsights_sitenote_note":"","_monsterinsights_sitenote_category":0,"footnotes":""},"categories":[34,70,69,22],"tags":[100,5923,71,48,93,75,4178,4180,217,6239,129,107,4181,258,206,132,230,822,106,203,120,51,109,88,47,111,190],"class_list":["post-50158","post","type-post","status-publish","format-standard","has-post-thumbnail","hentry","category-brasil","category-destaques","category-noticias2","category-seguranca","tag-adustina","tag-anderson-gomes","tag-antas","tag-araci","tag-brasil","tag-cicero-dantas","tag-cipo-2","tag-crisopolis-2","tag-delacao-premiada","tag-elcio-queiroz","tag-euclides-da-cunha","tag-fatima","tag-heliopolis-2","tag-homicida","tag-homicidio","tag-itapicuru","tag-jeremoabo","tag-marielle-franco","tag-nova-soure","tag-novo-triunfo","tag-olindina","tag-paripiranga","tag-quijingue","tag-ribeira-do-amparo","tag-ribeira-do-pombal","tag-sitio-do-quinto","tag-tucano"],"aioseo_notices":[],"_links":{"self":[{"href":"https:\/\/www.portalalerta.com.br\/index.php\/wp-json\/wp\/v2\/posts\/50158","targetHints":{"allow":["GET"]}}],"collection":[{"href":"https:\/\/www.portalalerta.com.br\/index.php\/wp-json\/wp\/v2\/posts"}],"about":[{"href":"https:\/\/www.portalalerta.com.br\/index.php\/wp-json\/wp\/v2\/types\/post"}],"author":[{"embeddable":true,"href":"https:\/\/www.portalalerta.com.br\/index.php\/wp-json\/wp\/v2\/users\/2"}],"replies":[{"embeddable":true,"href":"https:\/\/www.portalalerta.com.br\/index.php\/wp-json\/wp\/v2\/comments?post=50158"}],"version-history":[{"count":1,"href":"https:\/\/www.portalalerta.com.br\/index.php\/wp-json\/wp\/v2\/posts\/50158\/revisions"}],"predecessor-version":[{"id":50160,"href":"https:\/\/www.portalalerta.com.br\/index.php\/wp-json\/wp\/v2\/posts\/50158\/revisions\/50160"}],"wp:featuredmedia":[{"embeddable":true,"href":"https:\/\/www.portalalerta.com.br\/index.php\/wp-json\/wp\/v2\/media\/50159"}],"wp:attachment":[{"href":"https:\/\/www.portalalerta.com.br\/index.php\/wp-json\/wp\/v2\/media?parent=50158"}],"wp:term":[{"taxonomy":"category","embeddable":true,"href":"https:\/\/www.portalalerta.com.br\/index.php\/wp-json\/wp\/v2\/categories?post=50158"},{"taxonomy":"post_tag","embeddable":true,"href":"https:\/\/www.portalalerta.com.br\/index.php\/wp-json\/wp\/v2\/tags?post=50158"}],"curies":[{"name":"wp","href":"https:\/\/api.w.org\/{rel}","templated":true}]}}