{"id":50163,"date":"2023-07-26T07:00:00","date_gmt":"2023-07-26T10:00:00","guid":{"rendered":"https:\/\/www.portalalerta.com.br\/?p=50163"},"modified":"2023-07-25T23:56:32","modified_gmt":"2023-07-26T02:56:32","slug":"iv-festa-literaria-internacional-do-paiaia-inicia-nesta-quarta-feira-26-em-nova-soure-ba","status":"publish","type":"post","link":"https:\/\/www.portalalerta.com.br\/index.php\/2023\/07\/26\/iv-festa-literaria-internacional-do-paiaia-inicia-nesta-quarta-feira-26-em-nova-soure-ba\/","title":{"rendered":"IV Festa Liter\u00e1ria internacional do Paiai\u00e1 inicia nesta quarta-feira (26), em Nova Soure-BA"},"content":{"rendered":"\n<p>Com o tema <strong>\u201cO Bicenten\u00e1rio da Independ\u00eancia do Brasil na Bahia\u201d<\/strong> inicia nesta quarta-feira (26), em Nova Soure-BA, a IV Edi\u00e7\u00e3o da Festa Liter\u00e1ria Internacional do Paiai\u00e1.<\/p>\n\n\n\n<!--more-->\n\n\n<div class=\"wp-block-image\">\n<figure class=\"alignleft size-full is-resized\"><img fetchpriority=\"high\" decoding=\"async\" src=\"https:\/\/www.portalalerta.com.br\/wp-content\/uploads\/2021\/04\/ELAB.jpg\" alt=\"\" class=\"wp-image-34795\" width=\"430\" height=\"343\" srcset=\"https:\/\/www.portalalerta.com.br\/wp-content\/uploads\/2021\/04\/ELAB.jpg 1000w, https:\/\/www.portalalerta.com.br\/wp-content\/uploads\/2021\/04\/ELAB-300x240.jpg 300w, https:\/\/www.portalalerta.com.br\/wp-content\/uploads\/2021\/04\/ELAB-768x614.jpg 768w, https:\/\/www.portalalerta.com.br\/wp-content\/uploads\/2021\/04\/ELAB-183x146.jpg 183w, https:\/\/www.portalalerta.com.br\/wp-content\/uploads\/2021\/04\/ELAB-50x40.jpg 50w, https:\/\/www.portalalerta.com.br\/wp-content\/uploads\/2021\/04\/ELAB-94x75.jpg 94w\" sizes=\"(max-width: 430px) 100vw, 430px\" \/><\/figure><\/div>\n\n\n<p>O evento que ir\u00e1 acontecer em frente \u00e0 Biblioteca Comunit\u00e1ria Maria das Neves Prado, at\u00e9 a pr\u00f3xima sexta-feira (28), ser\u00e1 realizado no Povoado S\u00e3o Jos\u00e9 do Paiai\u00e1,.<\/p>\n\n\n\n<p>Na ocasi\u00e3o ser\u00e3o tr\u00eas dias de atividades, entre elas: <strong>mesa de discuss\u00e3o, debates, exposi\u00e7\u00e3o, espet\u00e1culos, teatro e oficinas.<\/strong><\/p>\n\n\n\n<p>&nbsp;Vale a penas conferir e conhecer a maior feira liter\u00e1ria do semi\u00e1rido baiano.<\/p>\n\n\n\n<p><em>Reda\u00e7\u00e3o: Portal Alerta<\/em><\/p>\n","protected":false},"excerpt":{"rendered":"<p>Com o tema \u201cO Bicenten\u00e1rio da Independ\u00eancia do Brasil na Bahia\u201d inicia nesta quarta-feira (26), em Nova Soure-BA, a IV Edi\u00e7\u00e3o da Festa Liter\u00e1ria Internacional do Paiai\u00e1.<\/p>\n","protected":false},"author":2,"featured_media":50164,"comment_status":"open","ping_status":"open","sticky":false,"template":"","format":"standard","meta":{"om_disable_all_campaigns":false,"_monsterinsights_skip_tracking":false,"_monsterinsights_sitenote_active":false,"_monsterinsights_sitenote_note":"","_monsterinsights_sitenote_category":0,"footnotes":""},"categories":[70,20,69,14,32],"tags":[100,71,48,75,4178,4180,129,107,6245,6244,4181,132,230,106,203,120,2963,51,109,88,47,111,190],"class_list":["post-50163","post","type-post","status-publish","format-standard","has-post-thumbnail","hentry","category-destaques","category-educacao","category-noticias2","category-nova-soure","category-regiao","tag-adustina","tag-antas","tag-araci","tag-cicero-dantas","tag-cipo-2","tag-crisopolis-2","tag-euclides-da-cunha","tag-fatima","tag-feira-literaria","tag-flipaiaia","tag-heliopolis-2","tag-itapicuru","tag-jeremoabo","tag-nova-soure","tag-novo-triunfo","tag-olindina","tag-paiaia","tag-paripiranga","tag-quijingue","tag-ribeira-do-amparo","tag-ribeira-do-pombal","tag-sitio-do-quinto","tag-tucano"],"aioseo_notices":[],"_links":{"self":[{"href":"https:\/\/www.portalalerta.com.br\/index.php\/wp-json\/wp\/v2\/posts\/50163","targetHints":{"allow":["GET"]}}],"collection":[{"href":"https:\/\/www.portalalerta.com.br\/index.php\/wp-json\/wp\/v2\/posts"}],"about":[{"href":"https:\/\/www.portalalerta.com.br\/index.php\/wp-json\/wp\/v2\/types\/post"}],"author":[{"embeddable":true,"href":"https:\/\/www.portalalerta.com.br\/index.php\/wp-json\/wp\/v2\/users\/2"}],"replies":[{"embeddable":true,"href":"https:\/\/www.portalalerta.com.br\/index.php\/wp-json\/wp\/v2\/comments?post=50163"}],"version-history":[{"count":1,"href":"https:\/\/www.portalalerta.com.br\/index.php\/wp-json\/wp\/v2\/posts\/50163\/revisions"}],"predecessor-version":[{"id":50165,"href":"https:\/\/www.portalalerta.com.br\/index.php\/wp-json\/wp\/v2\/posts\/50163\/revisions\/50165"}],"wp:featuredmedia":[{"embeddable":true,"href":"https:\/\/www.portalalerta.com.br\/index.php\/wp-json\/wp\/v2\/media\/50164"}],"wp:attachment":[{"href":"https:\/\/www.portalalerta.com.br\/index.php\/wp-json\/wp\/v2\/media?parent=50163"}],"wp:term":[{"taxonomy":"category","embeddable":true,"href":"https:\/\/www.portalalerta.com.br\/index.php\/wp-json\/wp\/v2\/categories?post=50163"},{"taxonomy":"post_tag","embeddable":true,"href":"https:\/\/www.portalalerta.com.br\/index.php\/wp-json\/wp\/v2\/tags?post=50163"}],"curies":[{"name":"wp","href":"https:\/\/api.w.org\/{rel}","templated":true}]}}