{"id":50166,"date":"2023-07-26T07:01:00","date_gmt":"2023-07-26T10:01:00","guid":{"rendered":"https:\/\/www.portalalerta.com.br\/?p=50166"},"modified":"2023-07-26T00:06:09","modified_gmt":"2023-07-26T03:06:09","slug":"ex-bombeiro-preso-em-operacao-sobre-morte-de-marielle-chega-a-brasilia","status":"publish","type":"post","link":"https:\/\/www.portalalerta.com.br\/index.php\/2023\/07\/26\/ex-bombeiro-preso-em-operacao-sobre-morte-de-marielle-chega-a-brasilia\/","title":{"rendered":"Ex-bombeiro preso em opera\u00e7\u00e3o sobre morte de Marielle chega a Bras\u00edlia"},"content":{"rendered":"\n<p>Preso em uma opera\u00e7\u00e3o da Pol\u00edcia Federal que investiga\u00a0o assassinato da vereadora Marielle Franco e do motorista Anderson Gomes, o ex-bombeiro Maxwell Sim\u00f5es Correa chegou a Bras\u00edlia no fim da tarde desta ter\u00e7a-feira (25). Ele foi encaminhado para a Penitenci\u00e1ria Federal de Bras\u00edlia.<\/p>\n\n\n\n<!--more-->\n\n\n\n<p>A decis\u00e3o que embasou a pris\u00e3o do ex-sargento tamb\u00e9m determinou que ele deveria ser transferido para um pres\u00eddio federal.<\/p>\n\n\n\n<p>Na decis\u00e3o, o juiz do caso revelou que, ap\u00f3s o crime, Maxwell teria admitido ao colaborador \u00c9lcio Queiroz que estava na miss\u00e3o de execu\u00e7\u00e3o de Marielle havia muito tempo.<\/p>\n\n\n<div class=\"wp-block-image\">\n<figure class=\"alignleft size-full\"><img fetchpriority=\"high\" decoding=\"async\" width=\"400\" height=\"300\" src=\"https:\/\/www.portalalerta.com.br\/wp-content\/uploads\/2023\/01\/Auto-Escola-Sonho.jpg\" alt=\"\" class=\"wp-image-47083\" srcset=\"https:\/\/www.portalalerta.com.br\/wp-content\/uploads\/2023\/01\/Auto-Escola-Sonho.jpg 400w, https:\/\/www.portalalerta.com.br\/wp-content\/uploads\/2023\/01\/Auto-Escola-Sonho-320x240.jpg 320w\" sizes=\"(max-width: 400px) 100vw, 400px\" \/><\/figure><\/div>\n\n\n<p>De acordo com a delibera\u00e7\u00e3o, a partir da quebra de sigilo de dados de <strong><em>&#8220;nuvem&#8221;<\/em><\/strong>,&nbsp;teria ficado comprovada a utiliza\u00e7\u00e3o de tal aplicativo de mensagens instant\u00e2neas criptografadas por parte de Ronnie Lessa e Queiroz. O relato da passagem de Lessa para o banco de tr\u00e1s do ve\u00edculo, horas antes do crime, teria sido confirmado pelo relat\u00f3rio de imagens preliminares da Delegacia de Homic\u00eddios de 26 de mar\u00e7o de 2018, que identificou um balan\u00e7o anormal no carro e um bra\u00e7o no vidro traseiro, segundo o magistrado.<\/p>\n\n\n\n<p>O juiz afirmou ainda que a pris\u00e3o \u00e9 imprescind\u00edvel, <strong><em>&#8220;havendo dado concreto a indicar que ele estaria, ao longo dos anos, ocultando provas ou, ao menos, continuando a delinquir, pelo que necess\u00e1ria a pris\u00e3o provis\u00f3ria tamb\u00e9m para a manuten\u00e7\u00e3o da ordem p\u00fablica, impedindo a reitera\u00e7\u00e3o delitiva&#8221;<\/em><\/strong>.<\/p>\n\n\n\n<p><strong><em>&#8220;As a\u00e7\u00f5es imputadas s\u00e3o contempor\u00e2neas com o pedido ministerial de pris\u00e3o, pois, como dito, teriam ocorrido n\u00e3o s\u00f3 em atos preparat\u00f3rios, mas em uma s\u00e9rie de condutas nos anos subsequentes, visando, possivelmente, se esquivar da aplica\u00e7\u00e3o da lei penal, outro requisito da pris\u00e3o preventiva.&#8221;<\/em><\/strong><\/p>\n\n\n\n<p><em>Fonte: R7<\/em><\/p>\n","protected":false},"excerpt":{"rendered":"<p>Preso em uma opera\u00e7\u00e3o da Pol\u00edcia Federal que investiga\u00a0o assassinato da vereadora Marielle Franco e do motorista Anderson Gomes, o ex-bombeiro Maxwell Sim\u00f5es Correa chegou a Bras\u00edlia no fim da tarde desta ter\u00e7a-feira (25). Ele foi encaminhado para a Penitenci\u00e1ria Federal de Bras\u00edlia.<\/p>\n","protected":false},"author":2,"featured_media":50167,"comment_status":"open","ping_status":"open","sticky":false,"template":"","format":"standard","meta":{"om_disable_all_campaigns":false,"_monsterinsights_skip_tracking":false,"_monsterinsights_sitenote_active":false,"_monsterinsights_sitenote_note":"","_monsterinsights_sitenote_category":0,"footnotes":""},"categories":[34,70,69,22],"tags":[100,5923,71,48,93,786,75,4178,4180,129,6246,107,4181,206,132,230,822,106,203,120,51,77,109,88,47,300,111,190],"class_list":["post-50166","post","type-post","status-publish","format-standard","has-post-thumbnail","hentry","category-brasil","category-destaques","category-noticias2","category-seguranca","tag-adustina","tag-anderson-gomes","tag-antas","tag-araci","tag-brasil","tag-brasilia","tag-cicero-dantas","tag-cipo-2","tag-crisopolis-2","tag-euclides-da-cunha","tag-ex-bombeiro","tag-fatima","tag-heliopolis-2","tag-homicidio","tag-itapicuru","tag-jeremoabo","tag-marielle-franco","tag-nova-soure","tag-novo-triunfo","tag-olindina","tag-paripiranga","tag-preso","tag-quijingue","tag-ribeira-do-amparo","tag-ribeira-do-pombal","tag-rio-de-janeiro","tag-sitio-do-quinto","tag-tucano"],"aioseo_notices":[],"_links":{"self":[{"href":"https:\/\/www.portalalerta.com.br\/index.php\/wp-json\/wp\/v2\/posts\/50166","targetHints":{"allow":["GET"]}}],"collection":[{"href":"https:\/\/www.portalalerta.com.br\/index.php\/wp-json\/wp\/v2\/posts"}],"about":[{"href":"https:\/\/www.portalalerta.com.br\/index.php\/wp-json\/wp\/v2\/types\/post"}],"author":[{"embeddable":true,"href":"https:\/\/www.portalalerta.com.br\/index.php\/wp-json\/wp\/v2\/users\/2"}],"replies":[{"embeddable":true,"href":"https:\/\/www.portalalerta.com.br\/index.php\/wp-json\/wp\/v2\/comments?post=50166"}],"version-history":[{"count":1,"href":"https:\/\/www.portalalerta.com.br\/index.php\/wp-json\/wp\/v2\/posts\/50166\/revisions"}],"predecessor-version":[{"id":50168,"href":"https:\/\/www.portalalerta.com.br\/index.php\/wp-json\/wp\/v2\/posts\/50166\/revisions\/50168"}],"wp:featuredmedia":[{"embeddable":true,"href":"https:\/\/www.portalalerta.com.br\/index.php\/wp-json\/wp\/v2\/media\/50167"}],"wp:attachment":[{"href":"https:\/\/www.portalalerta.com.br\/index.php\/wp-json\/wp\/v2\/media?parent=50166"}],"wp:term":[{"taxonomy":"category","embeddable":true,"href":"https:\/\/www.portalalerta.com.br\/index.php\/wp-json\/wp\/v2\/categories?post=50166"},{"taxonomy":"post_tag","embeddable":true,"href":"https:\/\/www.portalalerta.com.br\/index.php\/wp-json\/wp\/v2\/tags?post=50166"}],"curies":[{"name":"wp","href":"https:\/\/api.w.org\/{rel}","templated":true}]}}