{"id":50169,"date":"2023-07-26T07:02:00","date_gmt":"2023-07-26T10:02:00","guid":{"rendered":"https:\/\/www.portalalerta.com.br\/?p=50169"},"modified":"2023-07-26T00:22:32","modified_gmt":"2023-07-26T03:22:32","slug":"prefeitura-municipal-de-jeremoabo-ba-abre-processos-administrativos-de-vacancia-por-aposentadoria-contra-varios-servidores","status":"publish","type":"post","link":"https:\/\/www.portalalerta.com.br\/index.php\/2023\/07\/26\/prefeitura-municipal-de-jeremoabo-ba-abre-processos-administrativos-de-vacancia-por-aposentadoria-contra-varios-servidores\/","title":{"rendered":"Prefeitura Municipal de Jeremoabo-BA abre processos administrativos de vac\u00e2ncia por aposentadoria contra v\u00e1rios servidores"},"content":{"rendered":"\n<p>A Prefeitura Municipal de Jeremoabo-BA emitiu v\u00e1rias portarias dispondo sobre a instaura\u00e7\u00e3o de processo administrativo contra v\u00e1rios servidores municipais j\u00e1 aposentados pelo Regime de Previd\u00eancia Social.<\/p>\n\n\n\n<!--more-->\n\n\n\n<p>Somente na segunda-feira, 24 de julho, o Di\u00e1rio Oficial do Munic\u00edpio trouxe publica\u00e7\u00e3o de 23 (vinte e tr\u00eas) novos processos abertos.<\/p>\n\n\n\n<p>Considera a gest\u00e3o municipal que o inciso quinto do artigo 34 da Lei Municipal n\u00famero 249\/1998 (Estatuto dos Servidores P\u00fablicos Civis), do munic\u00edpio de Jeremoabo BA, prev\u00ea que a aposentadoria do servidor p\u00fablico implica na vac\u00e2ncia autom\u00e1tica do seu cargo, de maneira que consoante norma prevista no artigo 37, inciso II da Constitui\u00e7\u00e3o Federal, a reassun\u00e7\u00e3o a cargo p\u00fablico, em regime de provimento efetivo, exigiria nova aprova\u00e7\u00e3o em concurso.<\/p>\n\n\n<div class=\"wp-block-image\">\n<figure class=\"alignleft size-full is-resized\"><img fetchpriority=\"high\" decoding=\"async\" src=\"https:\/\/www.portalalerta.com.br\/wp-content\/uploads\/2022\/03\/Cred-Real.1.jpg\" alt=\"\" class=\"wp-image-41523\" width=\"424\" height=\"339\" srcset=\"https:\/\/www.portalalerta.com.br\/wp-content\/uploads\/2022\/03\/Cred-Real.1.jpg 500w, https:\/\/www.portalalerta.com.br\/wp-content\/uploads\/2022\/03\/Cred-Real.1-300x240.jpg 300w, https:\/\/www.portalalerta.com.br\/wp-content\/uploads\/2022\/03\/Cred-Real.1-183x146.jpg 183w, https:\/\/www.portalalerta.com.br\/wp-content\/uploads\/2022\/03\/Cred-Real.1-50x40.jpg 50w, https:\/\/www.portalalerta.com.br\/wp-content\/uploads\/2022\/03\/Cred-Real.1-94x75.jpg 94w\" sizes=\"(max-width: 424px) 100vw, 424px\" \/><\/figure><\/div>\n\n\n<p>Ainda nos considerando, a Gest\u00e3o argumenta que o Supremo Tribunal Federal no julgamento dos Agravos nos Recursos Extraordin\u00e1rios (AREs) \u2013 1234192\/ES sob a relatoria do ent\u00e3o presidente da corte o excelent\u00edssimo ministro Dias Toffoli, julgado em 12\/11\/2019; 1250903\/PR sobre a relatoria do ministro Alexandre de Moraes julgado em 16\/06\/2020 e do RE 1221999\/MG sob a relatoria do ministro Luiz Fux, julgado em 01.08.2019, entendeu que na exist\u00eancia de previs\u00e3o na legisla\u00e7\u00e3o municipal a aposentadoria volunt\u00e1ria do servidor p\u00fablico municipal, ocupante de cargo efetivo regido pelo GPS, acarreta a vac\u00e2ncia autom\u00e1tica do cargo p\u00fablico, de modo que a aposentadoria decorrente do servi\u00e7o ou contribui\u00e7\u00e3o para a administra\u00e7\u00e3o p\u00fablica gera o rompimento do v\u00ednculo administrativo.<\/p>\n\n\n\n<p>A Portaria ainda destaca e considera que o Decreto Municipal 081, de 12\/05\/2021, determinou prazo at\u00e9 o dia 11.06.2021 como prazo limite para que o servidor requeresse seu desligamento volunt\u00e1rio.<\/p>\n\n\n\n<p>Assim, em fun\u00e7\u00e3o de n\u00e3o cumprimento do prazo, instaurou-se o processo administrativo para desligamento do servidor, em virtude de sua aposentadoria pelo RGPS, criando uma comiss\u00e3o de processo administrativo, que dever\u00e1 elaborar relat\u00f3rio pelo desligamento ou n\u00e3o.<\/p>\n\n\n\n<p>\u00a0Vale destacar que, na mesma data, o Di\u00e1rio Oficial do Munic\u00edpio trouxe a publica\u00e7\u00e3o de Decretos acolhendo a recomenda\u00e7\u00e3o da Comiss\u00e3o processante pelo desligamento, sendo desligados 9 (nove) servidores.<\/p>\n\n\n\n<p><em>Fonte: Jeremoabo.com.b<\/em>r<\/p>\n","protected":false},"excerpt":{"rendered":"<p>A Prefeitura Municipal de Jeremoabo-BA emitiu v\u00e1rias portarias dispondo sobre a instaura\u00e7\u00e3o de processo administrativo contra v\u00e1rios servidores municipais j\u00e1 aposentados pelo Regime de Previd\u00eancia Social.<\/p>\n","protected":false},"author":2,"featured_media":22865,"comment_status":"open","ping_status":"open","sticky":false,"template":"","format":"standard","meta":{"om_disable_all_campaigns":false,"_monsterinsights_skip_tracking":false,"_monsterinsights_sitenote_active":false,"_monsterinsights_sitenote_note":"","_monsterinsights_sitenote_category":0,"footnotes":""},"categories":[70,9,69,21,32],"tags":[100,71,708,1360,48,75,4178,4180,129,107,4181,132,230,106,203,120,51,145,109,88,47,111,190],"class_list":["post-50169","post","type-post","status-publish","format-standard","has-post-thumbnail","hentry","category-destaques","category-jeremoabo","category-noticias2","category-politica","category-regiao","tag-adustina","tag-antas","tag-aposentadoria","tag-aposentados","tag-araci","tag-cicero-dantas","tag-cipo-2","tag-crisopolis-2","tag-euclides-da-cunha","tag-fatima","tag-heliopolis-2","tag-itapicuru","tag-jeremoabo","tag-nova-soure","tag-novo-triunfo","tag-olindina","tag-paripiranga","tag-prefeitura","tag-quijingue","tag-ribeira-do-amparo","tag-ribeira-do-pombal","tag-sitio-do-quinto","tag-tucano"],"aioseo_notices":[],"_links":{"self":[{"href":"https:\/\/www.portalalerta.com.br\/index.php\/wp-json\/wp\/v2\/posts\/50169","targetHints":{"allow":["GET"]}}],"collection":[{"href":"https:\/\/www.portalalerta.com.br\/index.php\/wp-json\/wp\/v2\/posts"}],"about":[{"href":"https:\/\/www.portalalerta.com.br\/index.php\/wp-json\/wp\/v2\/types\/post"}],"author":[{"embeddable":true,"href":"https:\/\/www.portalalerta.com.br\/index.php\/wp-json\/wp\/v2\/users\/2"}],"replies":[{"embeddable":true,"href":"https:\/\/www.portalalerta.com.br\/index.php\/wp-json\/wp\/v2\/comments?post=50169"}],"version-history":[{"count":1,"href":"https:\/\/www.portalalerta.com.br\/index.php\/wp-json\/wp\/v2\/posts\/50169\/revisions"}],"predecessor-version":[{"id":50170,"href":"https:\/\/www.portalalerta.com.br\/index.php\/wp-json\/wp\/v2\/posts\/50169\/revisions\/50170"}],"wp:featuredmedia":[{"embeddable":true,"href":"https:\/\/www.portalalerta.com.br\/index.php\/wp-json\/wp\/v2\/media\/22865"}],"wp:attachment":[{"href":"https:\/\/www.portalalerta.com.br\/index.php\/wp-json\/wp\/v2\/media?parent=50169"}],"wp:term":[{"taxonomy":"category","embeddable":true,"href":"https:\/\/www.portalalerta.com.br\/index.php\/wp-json\/wp\/v2\/categories?post=50169"},{"taxonomy":"post_tag","embeddable":true,"href":"https:\/\/www.portalalerta.com.br\/index.php\/wp-json\/wp\/v2\/tags?post=50169"}],"curies":[{"name":"wp","href":"https:\/\/api.w.org\/{rel}","templated":true}]}}