{"id":50173,"date":"2023-07-26T11:00:00","date_gmt":"2023-07-26T14:00:00","guid":{"rendered":"https:\/\/www.portalalerta.com.br\/?p=50173"},"modified":"2023-07-26T00:42:54","modified_gmt":"2023-07-26T03:42:54","slug":"bolsonaro-ofende-lula-e-haddad-em-ato-de-filiacao-de-holiday-ao-pl","status":"publish","type":"post","link":"https:\/\/www.portalalerta.com.br\/index.php\/2023\/07\/26\/bolsonaro-ofende-lula-e-haddad-em-ato-de-filiacao-de-holiday-ao-pl\/","title":{"rendered":"Bolsonaro ofende Lula e Haddad em ato de filia\u00e7\u00e3o de Holiday ao PL"},"content":{"rendered":"\n<p>O ex-presidente Jair Bolsonaro (PL)&nbsp;chamou o presidente Luiz In\u00e1cio Lula da Silva&nbsp;(PT) de \u201canalfabeto\u201d e \u201cjumento\u201d&nbsp;durante ato de filia\u00e7\u00e3o do vereador Fernando Holiday ao PL. A fala foi feita na C\u00e2mara Municipal de S\u00e3o Paulo&nbsp;nesta ter\u00e7a-feira (25).<\/p>\n\n\n\n<!--more-->\n\n\n<div class=\"wp-block-image\">\n<figure class=\"alignleft size-full is-resized\"><img fetchpriority=\"high\" decoding=\"async\" src=\"https:\/\/www.portalalerta.com.br\/wp-content\/uploads\/2021\/04\/ELAB.jpg\" alt=\"\" class=\"wp-image-34795\" width=\"393\" height=\"314\" srcset=\"https:\/\/www.portalalerta.com.br\/wp-content\/uploads\/2021\/04\/ELAB.jpg 1000w, https:\/\/www.portalalerta.com.br\/wp-content\/uploads\/2021\/04\/ELAB-300x240.jpg 300w, https:\/\/www.portalalerta.com.br\/wp-content\/uploads\/2021\/04\/ELAB-768x614.jpg 768w, https:\/\/www.portalalerta.com.br\/wp-content\/uploads\/2021\/04\/ELAB-183x146.jpg 183w, https:\/\/www.portalalerta.com.br\/wp-content\/uploads\/2021\/04\/ELAB-50x40.jpg 50w, https:\/\/www.portalalerta.com.br\/wp-content\/uploads\/2021\/04\/ELAB-94x75.jpg 94w\" sizes=\"(max-width: 393px) 100vw, 393px\" \/><\/figure><\/div>\n\n\n<p>No ato, Bolsonaro tamb\u00e9m ofendeu o ministro&nbsp;da Fazenda, Fernando Haddad (PT). <strong><em>\u201cA quem interessa, leva-se em conta alguns pa\u00edses europeus, pa\u00edses do norte&#8230; interessa eu ou um entreguista na Presid\u00eancia da Rep\u00fablica? Um analfabeto? Um jumento, porque n\u00e3o dizer assim\u201d<\/em><\/strong>, disse em refer\u00eancia a Lula.&nbsp;<\/p>\n\n\n\n<p>Em cr\u00edticas \u00e0 reforma tribut\u00e1ria, Bolsonaro tamb\u00e9m criticou o&nbsp;ministro da Fazenda. Entre as medidas propostas pelo governo federal, est\u00e1 a tributa\u00e7\u00e3o de fundos exclusivos, investimentos que exigem&nbsp;no m\u00ednimo R$10 milh\u00f5es. <strong><em>\u201cHaddad comparando herdeiros a parasitas. Logo ele, que nunca trabalhou na vida\u201d<\/em><\/strong>, disse.<\/p>\n\n\n\n<p>A presen\u00e7a do ex-presidente foi um pedido do vereador, que j\u00e1 foi cr\u00edtico a Bolsonaro. Participaram do evento tamb\u00e9m o presidente do PL, Valdemar Costa Neto, e deputados federais e estaduais do partido.<\/p>\n\n\n\n<p><em>Fonte: Metro1<\/em><\/p>\n","protected":false},"excerpt":{"rendered":"<p>O ex-presidente Jair Bolsonaro (PL)&nbsp;chamou o presidente Luiz In\u00e1cio Lula da Silva&nbsp;(PT) de \u201canalfabeto\u201d e \u201cjumento\u201d&nbsp;durante ato de filia\u00e7\u00e3o do vereador Fernando Holiday ao PL. A fala foi feita na C\u00e2mara Municipal de S\u00e3o Paulo&nbsp;nesta ter\u00e7a-feira (25).<\/p>\n","protected":false},"author":2,"featured_media":50174,"comment_status":"open","ping_status":"open","sticky":false,"template":"","format":"standard","meta":{"om_disable_all_campaigns":false,"_monsterinsights_skip_tracking":false,"_monsterinsights_sitenote_active":false,"_monsterinsights_sitenote_note":"","_monsterinsights_sitenote_category":0,"footnotes":""},"categories":[34,70,69,21],"tags":[100,71,48,93,75,4178,4180,129,107,405,6247,4181,132,1395,230,303,106,203,120,51,109,88,47,111,190],"class_list":["post-50173","post","type-post","status-publish","format-standard","has-post-thumbnail","hentry","category-brasil","category-destaques","category-noticias2","category-politica","tag-adustina","tag-antas","tag-araci","tag-brasil","tag-cicero-dantas","tag-cipo-2","tag-crisopolis-2","tag-euclides-da-cunha","tag-fatima","tag-fernando-haddad","tag-fernando-holiday","tag-heliopolis-2","tag-itapicuru","tag-jair-bolsonaro","tag-jeremoabo","tag-lula","tag-nova-soure","tag-novo-triunfo","tag-olindina","tag-paripiranga","tag-quijingue","tag-ribeira-do-amparo","tag-ribeira-do-pombal","tag-sitio-do-quinto","tag-tucano"],"aioseo_notices":[],"_links":{"self":[{"href":"https:\/\/www.portalalerta.com.br\/index.php\/wp-json\/wp\/v2\/posts\/50173","targetHints":{"allow":["GET"]}}],"collection":[{"href":"https:\/\/www.portalalerta.com.br\/index.php\/wp-json\/wp\/v2\/posts"}],"about":[{"href":"https:\/\/www.portalalerta.com.br\/index.php\/wp-json\/wp\/v2\/types\/post"}],"author":[{"embeddable":true,"href":"https:\/\/www.portalalerta.com.br\/index.php\/wp-json\/wp\/v2\/users\/2"}],"replies":[{"embeddable":true,"href":"https:\/\/www.portalalerta.com.br\/index.php\/wp-json\/wp\/v2\/comments?post=50173"}],"version-history":[{"count":1,"href":"https:\/\/www.portalalerta.com.br\/index.php\/wp-json\/wp\/v2\/posts\/50173\/revisions"}],"predecessor-version":[{"id":50175,"href":"https:\/\/www.portalalerta.com.br\/index.php\/wp-json\/wp\/v2\/posts\/50173\/revisions\/50175"}],"wp:featuredmedia":[{"embeddable":true,"href":"https:\/\/www.portalalerta.com.br\/index.php\/wp-json\/wp\/v2\/media\/50174"}],"wp:attachment":[{"href":"https:\/\/www.portalalerta.com.br\/index.php\/wp-json\/wp\/v2\/media?parent=50173"}],"wp:term":[{"taxonomy":"category","embeddable":true,"href":"https:\/\/www.portalalerta.com.br\/index.php\/wp-json\/wp\/v2\/categories?post=50173"},{"taxonomy":"post_tag","embeddable":true,"href":"https:\/\/www.portalalerta.com.br\/index.php\/wp-json\/wp\/v2\/tags?post=50173"}],"curies":[{"name":"wp","href":"https:\/\/api.w.org\/{rel}","templated":true}]}}