{"id":50249,"date":"2023-08-01T10:56:18","date_gmt":"2023-08-01T13:56:18","guid":{"rendered":"https:\/\/www.portalalerta.com.br\/?p=50249"},"modified":"2023-08-01T10:56:22","modified_gmt":"2023-08-01T13:56:22","slug":"cristiano-zanin-toma-posse-como-ministro-do-stf-nesta-semana-em-cerimonia-para-ate-350-convidados","status":"publish","type":"post","link":"https:\/\/www.portalalerta.com.br\/index.php\/2023\/08\/01\/cristiano-zanin-toma-posse-como-ministro-do-stf-nesta-semana-em-cerimonia-para-ate-350-convidados\/","title":{"rendered":"Cristiano Zanin toma posse como ministro do STF nesta semana em cerim\u00f4nia para at\u00e9 350 convidados"},"content":{"rendered":"\n<p><strong>Na Corte, o indicado de Lula deve herdar um acervo de processos considerado enxuto, de 552 a\u00e7\u00f5es<\/strong><\/p>\n\n\n\n<!--more-->\n\n\n\n<p>Cristiano Zanin Martins\u00a0vai tomar posse como ministro do Supremo Tribunal Federal (STF) nesta quinta-feira (3). A data foi definida antes do recesso do Judici\u00e1rio. Os ministros retomam as atividades na ter\u00e7a-feira (1\u00ba). Zanin foi indicado ao cargo pelo presidente Luiz In\u00e1cio Lula da Silva (PT) e teve o nome aprovado pelo\u00a0Senado. Ele precisava de, pelo menos, 41 votos favor\u00e1veis \u2014 e recebeu 58; 18 senadores votaram contra.<\/p>\n\n\n\n<p>A cerim\u00f4nia est\u00e1 marcada para as 16h, e tem previs\u00e3o de dura\u00e7\u00e3o de 15 minutos. O evento ser\u00e1 presencial, com expectativa de cerca de 350 pessoas no plen\u00e1rio do STF \u2014 entre ministros em exerc\u00edcio e aposentados, outras autoridades (presidentes da Rep\u00fablica, C\u00e2mara, Senado, e tribunais superiores, por exemplo) e convidados pessoais do novo ministro.<\/p>\n\n\n\n<p>A ministra Rosa Weber, presidente do STF, abrir\u00e1 a sess\u00e3o. O ministro mais antigo da Corte presente na sess\u00e3o e o mais novo conduzem o ministro ao plen\u00e1rio.<br><br>Logo ap\u00f3s, o novo ministro faz o juramento de cumprir a Constitui\u00e7\u00e3o. Em seguida, haver\u00e1 a leitura e assinatura do termo de posse. Ap\u00f3s ter a posse declarada pela presidente Rosa Weber, a cerim\u00f4nia \u00e9 encerrada.<\/p>\n\n\n\n<p><strong>A\u00e7\u00f5es que pedem inelegibilidade de Bolsonaro<\/strong><\/p>\n\n\n\n<p>Em junho, Zanin deixou a defesa de duas a\u00e7\u00f5es da coliga\u00e7\u00e3o eleitoral de Lula que pedem ao Tribunal Superior Eleitoral (TSE) a inelegibilidade do ex-presidente Jair Bolsonaro (PL). A esposa dele, Valeska Teixeira Zanin Martins, e os demais advogados continuam atuando nas a\u00e7\u00f5es.<\/p>\n\n\n\n<p>Nos processos, a Coliga\u00e7\u00e3o Brasil da Esperan\u00e7a alega que Bolsonaro abusou dos poderes pol\u00edtico e econ\u00f4mico e fez mau uso dos meios de comunica\u00e7\u00e3o durante a campanha presidencial de 2022.<\/p>\n\n\n\n<p><strong>Heran\u00e7a<\/strong><\/p>\n\n\n\n<p>No STF, o advogado deve herdar de Ricardo Lewandowski um acervo de processos considerado enxuto, de 552 a\u00e7\u00f5es, mas com casos de destaque. Entre os temas est\u00e3o as regras da Lei das Estatais sobre nomea\u00e7\u00e3o de conselheiros e diretores e a validade do decreto do presidente Luiz In\u00e1cio Lula da Silva (PT) que restabelece as al\u00edquotas do PIS\/Pasep e da Cofins, que haviam sido reduzidas \u00e0 metade no pen\u00faltimo dia da gest\u00e3o de Bolsonaro.<br><br>Segundo dados do Programa Corte Aberta, o acervo deixado por Lewandowski \u00e9 o segundo menor da Casa. Dos 552 processos, 59,6% est\u00e3o em fase de decis\u00e3o. Os que ainda n\u00e3o chegaram a esse patamar aguardam o cumprimento de etapas externas \u2014 como intima\u00e7\u00f5es e manifesta\u00e7\u00f5es, cumprimento de prazos processuais e manifesta\u00e7\u00e3o de terceiros interessados \u2014 ou est\u00e3o sobrestados em raz\u00e3o de outro processo no Supremo.<\/p>\n\n\n\n<p><em>Fonte: R7<\/em><\/p>\n","protected":false},"excerpt":{"rendered":"<p>Na Corte, o indicado de Lula deve herdar um acervo de processos considerado enxuto, de 552 a\u00e7\u00f5es<\/p>\n","protected":false},"author":2,"featured_media":49330,"comment_status":"open","ping_status":"open","sticky":false,"template":"","format":"standard","meta":{"om_disable_all_campaigns":false,"_monsterinsights_skip_tracking":false,"_monsterinsights_sitenote_active":false,"_monsterinsights_sitenote_note":"","_monsterinsights_sitenote_category":0,"footnotes":""},"categories":[34,70,69],"tags":[100,71,48,93,75,4178,4180,6149,129,107,4181,132,230,106,203,120,51,603,109,88,47,111,216,190],"class_list":["post-50249","post","type-post","status-publish","format-standard","has-post-thumbnail","hentry","category-brasil","category-destaques","category-noticias2","tag-adustina","tag-antas","tag-araci","tag-brasil","tag-cicero-dantas","tag-cipo-2","tag-crisopolis-2","tag-cristiano-zanin","tag-euclides-da-cunha","tag-fatima","tag-heliopolis-2","tag-itapicuru","tag-jeremoabo","tag-nova-soure","tag-novo-triunfo","tag-olindina","tag-paripiranga","tag-posse","tag-quijingue","tag-ribeira-do-amparo","tag-ribeira-do-pombal","tag-sitio-do-quinto","tag-stf","tag-tucano"],"aioseo_notices":[],"_links":{"self":[{"href":"https:\/\/www.portalalerta.com.br\/index.php\/wp-json\/wp\/v2\/posts\/50249","targetHints":{"allow":["GET"]}}],"collection":[{"href":"https:\/\/www.portalalerta.com.br\/index.php\/wp-json\/wp\/v2\/posts"}],"about":[{"href":"https:\/\/www.portalalerta.com.br\/index.php\/wp-json\/wp\/v2\/types\/post"}],"author":[{"embeddable":true,"href":"https:\/\/www.portalalerta.com.br\/index.php\/wp-json\/wp\/v2\/users\/2"}],"replies":[{"embeddable":true,"href":"https:\/\/www.portalalerta.com.br\/index.php\/wp-json\/wp\/v2\/comments?post=50249"}],"version-history":[{"count":1,"href":"https:\/\/www.portalalerta.com.br\/index.php\/wp-json\/wp\/v2\/posts\/50249\/revisions"}],"predecessor-version":[{"id":50250,"href":"https:\/\/www.portalalerta.com.br\/index.php\/wp-json\/wp\/v2\/posts\/50249\/revisions\/50250"}],"wp:featuredmedia":[{"embeddable":true,"href":"https:\/\/www.portalalerta.com.br\/index.php\/wp-json\/wp\/v2\/media\/49330"}],"wp:attachment":[{"href":"https:\/\/www.portalalerta.com.br\/index.php\/wp-json\/wp\/v2\/media?parent=50249"}],"wp:term":[{"taxonomy":"category","embeddable":true,"href":"https:\/\/www.portalalerta.com.br\/index.php\/wp-json\/wp\/v2\/categories?post=50249"},{"taxonomy":"post_tag","embeddable":true,"href":"https:\/\/www.portalalerta.com.br\/index.php\/wp-json\/wp\/v2\/tags?post=50249"}],"curies":[{"name":"wp","href":"https:\/\/api.w.org\/{rel}","templated":true}]}}