{"id":50251,"date":"2023-08-01T11:03:31","date_gmt":"2023-08-01T14:03:31","guid":{"rendered":"https:\/\/www.portalalerta.com.br\/?p=50251"},"modified":"2023-08-01T11:03:34","modified_gmt":"2023-08-01T14:03:34","slug":"acidente-na-br-116-envolvendo-uma-motocicleta-deixa-uma-pessoa-morta-e-outra-ferida-na-zona-rural-de-tucano-ba","status":"publish","type":"post","link":"https:\/\/www.portalalerta.com.br\/index.php\/2023\/08\/01\/acidente-na-br-116-envolvendo-uma-motocicleta-deixa-uma-pessoa-morta-e-outra-ferida-na-zona-rural-de-tucano-ba\/","title":{"rendered":"Acidente na BR 116 envolvendo uma motocicleta deixa uma pessoa morta e outra ferida na zona rural de Tucano-BA"},"content":{"rendered":"\n<p>Na manh\u00e3 do \u00faltimo s\u00e1bado (29), por volta das 05:30h, ocorreu um acidente tr\u00e1gico no Km 255 da BR 116, nas proximidades do povoado Cajueiro, zona rural de Tucano- BA. O acidente envolveu uma motocicleta de placa NYL2943, resultando na morte do condutor e les\u00f5es corporais no passageiro\/garupa.<\/p>\n\n\n\n<!--more-->\n\n\n<div class=\"wp-block-image\">\n<figure class=\"alignleft size-full is-resized\"><img fetchpriority=\"high\" decoding=\"async\" src=\"https:\/\/www.portalalerta.com.br\/wp-content\/uploads\/2022\/03\/Cred-Real.1.jpg\" alt=\"\" class=\"wp-image-41523\" width=\"447\" height=\"358\" srcset=\"https:\/\/www.portalalerta.com.br\/wp-content\/uploads\/2022\/03\/Cred-Real.1.jpg 500w, https:\/\/www.portalalerta.com.br\/wp-content\/uploads\/2022\/03\/Cred-Real.1-300x240.jpg 300w, https:\/\/www.portalalerta.com.br\/wp-content\/uploads\/2022\/03\/Cred-Real.1-183x146.jpg 183w, https:\/\/www.portalalerta.com.br\/wp-content\/uploads\/2022\/03\/Cred-Real.1-50x40.jpg 50w, https:\/\/www.portalalerta.com.br\/wp-content\/uploads\/2022\/03\/Cred-Real.1-94x75.jpg 94w\" sizes=\"(max-width: 447px) 100vw, 447px\" \/><\/figure><\/div>\n\n\n<p>A v\u00edtima fatal foi identificada como I. O. B., natural de Salvador, com 20 anos de idade. A equipe pericial da Coordenadoria Regional de Pol\u00edcia T\u00e9cnica de Euclides da Cunha foi deslocada para realizar o exame pericial e remover o corpo.<\/p>\n\n\n\n<p>Enquanto aguardava-se a chegada da equipe pericial, a Pol\u00edcia Rodovi\u00e1ria Federal estava presente no local, preservando-o para a realiza\u00e7\u00e3o da per\u00edcia e controlando o tr\u00e2nsito na via.<\/p>\n\n\n\n<p>O passageiro\/garupa ferido foi prontamente encaminhado por um Investigador da Pol\u00edcia Civil ao Hospital Maria Penedo, em Tucano, para receber atendimento m\u00e9dico.<\/p>\n\n\n\n<p>O corpo da v\u00edtima foi levado ao IML de Euclides da Cunha para procedimentos de necropsia e identifica\u00e7\u00e3o.<\/p>\n\n\n\n<p>&nbsp;<em>Fonte: euclidesdacunha.com<\/em><\/p>\n","protected":false},"excerpt":{"rendered":"<p>Na manh\u00e3 do \u00faltimo s\u00e1bado (29), por volta das 05:30h, ocorreu um acidente tr\u00e1gico no Km 255 da BR 116, nas proximidades do povoado Cajueiro, zona rural de Tucano- BA. O acidente envolveu uma motocicleta de placa NYL2943, resultando na morte do condutor e les\u00f5es corporais no passageiro\/garupa.<\/p>\n","protected":false},"author":2,"featured_media":50252,"comment_status":"open","ping_status":"open","sticky":false,"template":"","format":"standard","meta":{"om_disable_all_campaigns":false,"_monsterinsights_skip_tracking":false,"_monsterinsights_sitenote_active":false,"_monsterinsights_sitenote_note":"","_monsterinsights_sitenote_category":0,"footnotes":""},"categories":[70,69,32,12],"tags":[166,100,71,48,289,75,4178,4180,129,107,4181,132,230,169,106,203,120,51,109,88,47,111,190],"class_list":["post-50251","post","type-post","status-publish","format-standard","has-post-thumbnail","hentry","category-destaques","category-noticias2","category-regiao","category-tucano","tag-acidente","tag-adustina","tag-antas","tag-araci","tag-br-116","tag-cicero-dantas","tag-cipo-2","tag-crisopolis-2","tag-euclides-da-cunha","tag-fatima","tag-heliopolis-2","tag-itapicuru","tag-jeremoabo","tag-morte","tag-nova-soure","tag-novo-triunfo","tag-olindina","tag-paripiranga","tag-quijingue","tag-ribeira-do-amparo","tag-ribeira-do-pombal","tag-sitio-do-quinto","tag-tucano"],"aioseo_notices":[],"_links":{"self":[{"href":"https:\/\/www.portalalerta.com.br\/index.php\/wp-json\/wp\/v2\/posts\/50251","targetHints":{"allow":["GET"]}}],"collection":[{"href":"https:\/\/www.portalalerta.com.br\/index.php\/wp-json\/wp\/v2\/posts"}],"about":[{"href":"https:\/\/www.portalalerta.com.br\/index.php\/wp-json\/wp\/v2\/types\/post"}],"author":[{"embeddable":true,"href":"https:\/\/www.portalalerta.com.br\/index.php\/wp-json\/wp\/v2\/users\/2"}],"replies":[{"embeddable":true,"href":"https:\/\/www.portalalerta.com.br\/index.php\/wp-json\/wp\/v2\/comments?post=50251"}],"version-history":[{"count":1,"href":"https:\/\/www.portalalerta.com.br\/index.php\/wp-json\/wp\/v2\/posts\/50251\/revisions"}],"predecessor-version":[{"id":50253,"href":"https:\/\/www.portalalerta.com.br\/index.php\/wp-json\/wp\/v2\/posts\/50251\/revisions\/50253"}],"wp:featuredmedia":[{"embeddable":true,"href":"https:\/\/www.portalalerta.com.br\/index.php\/wp-json\/wp\/v2\/media\/50252"}],"wp:attachment":[{"href":"https:\/\/www.portalalerta.com.br\/index.php\/wp-json\/wp\/v2\/media?parent=50251"}],"wp:term":[{"taxonomy":"category","embeddable":true,"href":"https:\/\/www.portalalerta.com.br\/index.php\/wp-json\/wp\/v2\/categories?post=50251"},{"taxonomy":"post_tag","embeddable":true,"href":"https:\/\/www.portalalerta.com.br\/index.php\/wp-json\/wp\/v2\/tags?post=50251"}],"curies":[{"name":"wp","href":"https:\/\/api.w.org\/{rel}","templated":true}]}}