{"id":50254,"date":"2023-08-01T11:09:02","date_gmt":"2023-08-01T14:09:02","guid":{"rendered":"https:\/\/www.portalalerta.com.br\/?p=50254"},"modified":"2023-08-01T11:09:04","modified_gmt":"2023-08-01T14:09:04","slug":"governo-do-estado-divulga-resultado-final-do-concurso-para-as-vagas-de-pm-e-bombeiros","status":"publish","type":"post","link":"https:\/\/www.portalalerta.com.br\/index.php\/2023\/08\/01\/governo-do-estado-divulga-resultado-final-do-concurso-para-as-vagas-de-pm-e-bombeiros\/","title":{"rendered":"Governo do estado divulga resultado final do concurso para as vagas de PM e Bombeiros"},"content":{"rendered":"\n<p>Governo da Bahia divulgou oficialmente no Di\u00e1rio Oficial da Uni\u00e3o (DOE) na \u00faltima sexta-feira (28), o resultado do concurso p\u00fablico que busca o preenchimento de vagas para soldados da Pol\u00edcia Militar e Corpo de Bombeiros da Bahia, apresentando a ordem dos aprovados por ordem classificat\u00f3ria.<\/p>\n\n\n\n<!--more-->\n\n\n<div class=\"wp-block-image\">\n<figure class=\"alignleft size-full\"><img fetchpriority=\"high\" decoding=\"async\" width=\"400\" height=\"300\" src=\"https:\/\/www.portalalerta.com.br\/wp-content\/uploads\/2023\/01\/Auto-Escola-Sonho.jpg\" alt=\"\" class=\"wp-image-47083\" srcset=\"https:\/\/www.portalalerta.com.br\/wp-content\/uploads\/2023\/01\/Auto-Escola-Sonho.jpg 400w, https:\/\/www.portalalerta.com.br\/wp-content\/uploads\/2023\/01\/Auto-Escola-Sonho-320x240.jpg 320w\" sizes=\"(max-width: 400px) 100vw, 400px\" \/><\/figure><\/div>\n\n\n<p>Os aprovados para a Policia Militar ser\u00e3o lotados em Salvador e Regi\u00e3o Metropolitana, al\u00e9m de outros munic\u00edpios como Feira de Santana, Alagoinhas, Itaberaba, Ilh\u00e9us, Juazeiro, Vit\u00f3ria da Conquista, Teixeira de Freitas e Barreiras. J\u00e1 para o corpo de bombeiros as vagas est\u00e3o dispon\u00edveis para Salvador, regi\u00e3o metropolitana, Itabuna, Porto Seguro, Itaberaba, Paulo Afonso, Santo Ant\u00f4nio de Jesus, Barreiras, Teixeira de Freitas, Alagoinhas e Bom Jesus da Lapa.<\/p>\n\n\n\n<p>Os resultados podem ser consultados tamb\u00e9m pelo portal do RH Bahia e no site da banca organizadora do concurso a Funda\u00e7\u00e3o Carlos Chagas (www.concursosfcc.com.br).<\/p>\n\n\n\n<p>As inscri\u00e7\u00f5es para o concurso aconteceram em setembro de 2022, com mais de 93 mil candidatos inscritos para concorrer \u00e0s vagas. As provas objetivas e discursivas foram realizadas em 22 de janeiro deste ano, com resultados da prova objetiva divulgadas em mar\u00e7o. O resultado da segunda etapa (provas discursivas) foi divulgado no dia 11 de maio e o resultado divulgado oficialmente hoje (28).<\/p>\n\n\n\n<p><em>Fonte: euclidesdacunha.com<\/em><\/p>\n","protected":false},"excerpt":{"rendered":"<p>Governo da Bahia divulgou oficialmente no Di\u00e1rio Oficial da Uni\u00e3o (DOE) na \u00faltima sexta-feira (28), o resultado do concurso p\u00fablico que busca o preenchimento de vagas para soldados da Pol\u00edcia Militar e Corpo de Bombeiros da Bahia, apresentando a ordem dos aprovados por ordem classificat\u00f3ria.<\/p>\n","protected":false},"author":2,"featured_media":18462,"comment_status":"open","ping_status":"open","sticky":false,"template":"","format":"standard","meta":{"om_disable_all_campaigns":false,"_monsterinsights_skip_tracking":false,"_monsterinsights_sitenote_active":false,"_monsterinsights_sitenote_note":"","_monsterinsights_sitenote_category":0,"footnotes":""},"categories":[33,70,69,22],"tags":[100,71,48,54,75,4178,3034,4180,129,107,4181,132,230,106,203,120,51,79,109,452,88,47,111,190],"class_list":["post-50254","post","type-post","status-publish","format-standard","has-post-thumbnail","hentry","category-bahia","category-destaques","category-noticias2","category-seguranca","tag-adustina","tag-antas","tag-araci","tag-bahia","tag-cicero-dantas","tag-cipo-2","tag-concurso-publico","tag-crisopolis-2","tag-euclides-da-cunha","tag-fatima","tag-heliopolis-2","tag-itapicuru","tag-jeremoabo","tag-nova-soure","tag-novo-triunfo","tag-olindina","tag-paripiranga","tag-policia-militar","tag-quijingue","tag-resultado","tag-ribeira-do-amparo","tag-ribeira-do-pombal","tag-sitio-do-quinto","tag-tucano"],"aioseo_notices":[],"_links":{"self":[{"href":"https:\/\/www.portalalerta.com.br\/index.php\/wp-json\/wp\/v2\/posts\/50254","targetHints":{"allow":["GET"]}}],"collection":[{"href":"https:\/\/www.portalalerta.com.br\/index.php\/wp-json\/wp\/v2\/posts"}],"about":[{"href":"https:\/\/www.portalalerta.com.br\/index.php\/wp-json\/wp\/v2\/types\/post"}],"author":[{"embeddable":true,"href":"https:\/\/www.portalalerta.com.br\/index.php\/wp-json\/wp\/v2\/users\/2"}],"replies":[{"embeddable":true,"href":"https:\/\/www.portalalerta.com.br\/index.php\/wp-json\/wp\/v2\/comments?post=50254"}],"version-history":[{"count":1,"href":"https:\/\/www.portalalerta.com.br\/index.php\/wp-json\/wp\/v2\/posts\/50254\/revisions"}],"predecessor-version":[{"id":50255,"href":"https:\/\/www.portalalerta.com.br\/index.php\/wp-json\/wp\/v2\/posts\/50254\/revisions\/50255"}],"wp:featuredmedia":[{"embeddable":true,"href":"https:\/\/www.portalalerta.com.br\/index.php\/wp-json\/wp\/v2\/media\/18462"}],"wp:attachment":[{"href":"https:\/\/www.portalalerta.com.br\/index.php\/wp-json\/wp\/v2\/media?parent=50254"}],"wp:term":[{"taxonomy":"category","embeddable":true,"href":"https:\/\/www.portalalerta.com.br\/index.php\/wp-json\/wp\/v2\/categories?post=50254"},{"taxonomy":"post_tag","embeddable":true,"href":"https:\/\/www.portalalerta.com.br\/index.php\/wp-json\/wp\/v2\/tags?post=50254"}],"curies":[{"name":"wp","href":"https:\/\/api.w.org\/{rel}","templated":true}]}}