{"id":50289,"date":"2023-08-02T09:03:00","date_gmt":"2023-08-02T12:03:00","guid":{"rendered":"https:\/\/www.portalalerta.com.br\/?p=50289"},"modified":"2023-08-02T01:31:13","modified_gmt":"2023-08-02T04:31:13","slug":"cpi-do-mst-aprova-convocacao-de-rui-costa-chefe-da-casa-civil-do-governo-lula","status":"publish","type":"post","link":"https:\/\/www.portalalerta.com.br\/index.php\/2023\/08\/02\/cpi-do-mst-aprova-convocacao-de-rui-costa-chefe-da-casa-civil-do-governo-lula\/","title":{"rendered":"CPI do MST aprova convoca\u00e7\u00e3o de Rui Costa, chefe da Casa Civil do governo Lula"},"content":{"rendered":"\n<p>A CPI do MST aprovou nesta ter\u00e7a-feira (1\u00ba), por 14 votos a 10, a convoca\u00e7\u00e3o do ministro da Casa Civil, Rui Costa.<\/p>\n\n\n\n<!--more-->\n\n\n\n<p>Diferentemente do convite, a convoca\u00e7\u00e3o obriga o comparecimento do ministro sob pena de crime de responsabilidade em caso de falta sem justificativa.<\/p>\n\n\n<div class=\"wp-block-image\">\n<figure class=\"alignleft size-full is-resized\"><img fetchpriority=\"high\" decoding=\"async\" src=\"https:\/\/www.portalalerta.com.br\/wp-content\/uploads\/2021\/04\/ELAB.jpg\" alt=\"\" class=\"wp-image-34795\" width=\"441\" height=\"352\" srcset=\"https:\/\/www.portalalerta.com.br\/wp-content\/uploads\/2021\/04\/ELAB.jpg 1000w, https:\/\/www.portalalerta.com.br\/wp-content\/uploads\/2021\/04\/ELAB-300x240.jpg 300w, https:\/\/www.portalalerta.com.br\/wp-content\/uploads\/2021\/04\/ELAB-768x614.jpg 768w, https:\/\/www.portalalerta.com.br\/wp-content\/uploads\/2021\/04\/ELAB-183x146.jpg 183w, https:\/\/www.portalalerta.com.br\/wp-content\/uploads\/2021\/04\/ELAB-50x40.jpg 50w, https:\/\/www.portalalerta.com.br\/wp-content\/uploads\/2021\/04\/ELAB-94x75.jpg 94w\" sizes=\"(max-width: 441px) 100vw, 441px\" \/><\/figure><\/div>\n\n\n<p>A convoca\u00e7\u00e3o do ministro entrou na pauta depois de iniciada a reuni\u00e3o, a pedido do relator, deputado Ricardo Salles (PL-SP), e pegou os governistas de surpresa.<\/p>\n\n\n\n<p>O requerimento j\u00e1 havia sido pautado em julho e saiu de pauta ap\u00f3s acordo entre os parlamentares.<\/p>\n\n\n\n<p><strong><em>\u201cNa mesma l\u00f3gica em que foi convocado o ex-ministro Gon\u00e7alves Dias, porque era o chefe imediato da Abin de janeiro a mar\u00e7o, a mesma l\u00f3gica se aplica ao ministro Rui Costa que desde a referida data em diante passa a ser o chefe da Abin. At\u00e9 para ter uma postura de equidade. Um foi chefe at\u00e9 mar\u00e7o e outro foi chefe dali em diante\u201d,<\/em><\/strong> afirmou Salles.<\/p>\n\n\n\n<p>O deputado Kim Kataguiri (Uni\u00e3o Brasil-SP) afirmou que a convoca\u00e7\u00e3o \u201ctem pertin\u00eancia\u201d, porque o MST teria usado de chantagem para nomear indicados no governo.<\/p>\n\n\n\n<p><strong><em>\u201c\u00c9 pela Casa Civil que todas as nomea\u00e7\u00f5es pol\u00edticas passam e o que n\u00f3s temos s\u00e3o ind\u00edcios de crimes com invasores de terra invadindo a Embrapa, para negociar cargos no governo. Utilizando chantagem contra o governo e o governo cedendo a este instrumento de chantagem\u201d,<\/em><\/strong> afirmou.<\/p>\n\n\n\n<p>A base governista reagiu e atuou para tentar impedir a convoca\u00e7\u00e3o. A deputada Gleisi Hoffmann (PT-PR) chamou o requerimento de absurdo.<\/p>\n\n\n\n<p><strong><em>\u201cN\u00e3o tem l\u00f3gica o ministro da Casa Civil vir falar nessa CPI, que nem tem objeto, para falar sobre nomea\u00e7\u00f5es do governo\u201d<\/em><\/strong>, afirmou a deputada Gleisi Hoffmann (PT-PR). <strong><em>\u201cEsse requerimento \u00e9 um absurdo\u201d<\/em><\/strong>.<\/p>\n\n\n\n<p>O deputado Alencar Santana Braga (PT-SP), vice-l\u00edder do governo, disse que a convoca\u00e7\u00e3o n\u00e3o tem <strong><em>\u201cqualquer sentido\u201d<\/em><\/strong>.<\/p>\n\n\n\n<p><strong><em>\u201cO ministro chefe da Casa Civil n\u00e3o tem nada a ver com essa mat\u00e9ria, com o objeto desta CPI. N\u00e3o h\u00e1 justificativa alguma para a presen\u00e7a dele nessa comiss\u00e3o\u201d<\/em><\/strong>, afirmou o petista.<em>Fonte: A Voz do Campo<\/em><\/p>\n","protected":false},"excerpt":{"rendered":"<p>A CPI do MST aprovou nesta ter\u00e7a-feira (1\u00ba), por 14 votos a 10, a convoca\u00e7\u00e3o do ministro da Casa Civil, Rui Costa.<\/p>\n","protected":false},"author":2,"featured_media":49495,"comment_status":"open","ping_status":"open","sticky":false,"template":"","format":"standard","meta":{"om_disable_all_campaigns":false,"_monsterinsights_skip_tracking":false,"_monsterinsights_sitenote_active":false,"_monsterinsights_sitenote_note":"","_monsterinsights_sitenote_category":0,"footnotes":""},"categories":[34,70,69,21],"tags":[100,71,48,93,75,4178,721,4180,129,107,4181,132,230,1860,2294,106,203,120,51,109,88,47,282,111,190],"class_list":["post-50289","post","type-post","status-publish","format-standard","has-post-thumbnail","hentry","category-brasil","category-destaques","category-noticias2","category-politica","tag-adustina","tag-antas","tag-araci","tag-brasil","tag-cicero-dantas","tag-cipo-2","tag-cpi","tag-crisopolis-2","tag-euclides-da-cunha","tag-fatima","tag-heliopolis-2","tag-itapicuru","tag-jeremoabo","tag-ministro-da-casa-civil","tag-mst","tag-nova-soure","tag-novo-triunfo","tag-olindina","tag-paripiranga","tag-quijingue","tag-ribeira-do-amparo","tag-ribeira-do-pombal","tag-rui-costa","tag-sitio-do-quinto","tag-tucano"],"aioseo_notices":[],"_links":{"self":[{"href":"https:\/\/www.portalalerta.com.br\/index.php\/wp-json\/wp\/v2\/posts\/50289","targetHints":{"allow":["GET"]}}],"collection":[{"href":"https:\/\/www.portalalerta.com.br\/index.php\/wp-json\/wp\/v2\/posts"}],"about":[{"href":"https:\/\/www.portalalerta.com.br\/index.php\/wp-json\/wp\/v2\/types\/post"}],"author":[{"embeddable":true,"href":"https:\/\/www.portalalerta.com.br\/index.php\/wp-json\/wp\/v2\/users\/2"}],"replies":[{"embeddable":true,"href":"https:\/\/www.portalalerta.com.br\/index.php\/wp-json\/wp\/v2\/comments?post=50289"}],"version-history":[{"count":1,"href":"https:\/\/www.portalalerta.com.br\/index.php\/wp-json\/wp\/v2\/posts\/50289\/revisions"}],"predecessor-version":[{"id":50290,"href":"https:\/\/www.portalalerta.com.br\/index.php\/wp-json\/wp\/v2\/posts\/50289\/revisions\/50290"}],"wp:featuredmedia":[{"embeddable":true,"href":"https:\/\/www.portalalerta.com.br\/index.php\/wp-json\/wp\/v2\/media\/49495"}],"wp:attachment":[{"href":"https:\/\/www.portalalerta.com.br\/index.php\/wp-json\/wp\/v2\/media?parent=50289"}],"wp:term":[{"taxonomy":"category","embeddable":true,"href":"https:\/\/www.portalalerta.com.br\/index.php\/wp-json\/wp\/v2\/categories?post=50289"},{"taxonomy":"post_tag","embeddable":true,"href":"https:\/\/www.portalalerta.com.br\/index.php\/wp-json\/wp\/v2\/tags?post=50289"}],"curies":[{"name":"wp","href":"https:\/\/api.w.org\/{rel}","templated":true}]}}