{"id":50291,"date":"2023-08-02T16:08:21","date_gmt":"2023-08-02T19:08:21","guid":{"rendered":"https:\/\/www.portalalerta.com.br\/?p=50291"},"modified":"2023-08-02T16:08:23","modified_gmt":"2023-08-02T19:08:23","slug":"petrobras-admite-defasagem-de-13-no-preco-da-gasolina-dizem-fontes","status":"publish","type":"post","link":"https:\/\/www.portalalerta.com.br\/index.php\/2023\/08\/02\/petrobras-admite-defasagem-de-13-no-preco-da-gasolina-dizem-fontes\/","title":{"rendered":"Petrobras admite defasagem de 13% no pre\u00e7o da gasolina, dizem fontes"},"content":{"rendered":"\n<p>Ao colegiado, o presidente da Petrobras, Jean Paul Prates disse que a empresa n\u00e3o tem mais compromisso em seguir a pol\u00edtica de paridade internacional desde a aprova\u00e7\u00e3o das novas diretrizes de pre\u00e7o, em maio<\/p>\n\n\n\n<!--more-->\n\n\n\n<p>A diretoria da\u00a0Petrobras\u00a0admitiu internamente uma defasagem de 13% nos pre\u00e7os da\u00a0gasolina\u00a0em rela\u00e7\u00e3o ao mercado internacional, dizem fontes.<\/p>\n\n\n\n<p>O relato foi feito ao conselho de administra\u00e7\u00e3o na \u00faltima sexta-feira (29).<\/p>\n\n\n\n<p>Os pre\u00e7os do g\u00e1s de cozinha e do diesel, por\u00e9m, estariam alinhados ao cen\u00e1rio global, afirmou a diretoria.<\/p>\n\n\n<div class=\"wp-block-image\">\n<figure class=\"alignleft size-full\"><img fetchpriority=\"high\" decoding=\"async\" width=\"400\" height=\"300\" src=\"https:\/\/www.portalalerta.com.br\/wp-content\/uploads\/2023\/01\/Auto-Escola-Sonho.jpg\" alt=\"\" class=\"wp-image-47083\" srcset=\"https:\/\/www.portalalerta.com.br\/wp-content\/uploads\/2023\/01\/Auto-Escola-Sonho.jpg 400w, https:\/\/www.portalalerta.com.br\/wp-content\/uploads\/2023\/01\/Auto-Escola-Sonho-320x240.jpg 320w\" sizes=\"(max-width: 400px) 100vw, 400px\" \/><\/figure><\/div>\n\n\n<p>Ao colegiado, o presidente da Petrobras, Jean Paul Prates disse que a empresa n\u00e3o tem mais compromisso em seguir a pol\u00edtica de paridade internacional desde a\u00a0aprova\u00e7\u00e3o das novas diretrizes de pre\u00e7o, em maio.<\/p>\n\n\n\n<p>O Prates tamb\u00e9m n\u00e3o explicou se e quando essa defasagem ser\u00e1 corrigida.<\/p>\n\n\n\n<p>Conforme apura\u00e7\u00e3o da&nbsp;<strong>CNN<\/strong>, a \u00e1rea t\u00e9cnica da estatal recebeu uma orienta\u00e7\u00e3o informal para n\u00e3o subir os pre\u00e7os neste momento para evitar impactos na infla\u00e7\u00e3o.<\/p>\n\n\n\n<p>A instru\u00e7\u00e3o teria partido do presidente Luiz In\u00e1cio Lula da Silva.<\/p>\n\n\n\n<p>Hoje pela manh\u00e3, Prates se reuniu com o presidente no Pal\u00e1cio do Planalto. Segundo informa\u00e7\u00f5es, o encontro tratou das obras da Petrobras no novo Programa de Acelera\u00e7\u00e3o de Crescimento (PAC) e n\u00e3o compreendeu a distor\u00e7\u00e3o dos pre\u00e7os.<\/p>\n\n\n\n<p>Os ministros Alexandre Silveira (Minas e Energia) e Rui Costa (Casa Civil) tamb\u00e9m estiveram presentes.<\/p>\n\n\n\n<p>Em comunicado ao mercado na v\u00e9spera, a Petrobras n\u00e3o admitiu a diferen\u00e7a de pre\u00e7os entre os mercados dom\u00e9stico e internacional, que j\u00e1 \u00e9 apontado pela imprensa e importadores de combust\u00edveis.<\/p>\n\n\n\n<p>A estatal disse que observa com aten\u00e7\u00e3o os desdobramentos do mercado internacional e que, <strong><em>\u201ceventuais reajustes, quando necess\u00e1rios, ser\u00e3o feitos com base em an\u00e1lises t\u00e9cnicas e independentes\u201d<\/em><\/strong>.<\/p>\n\n\n\n<p>Segundo c\u00e1lculos da Associa\u00e7\u00e3o Brasileira dos Importadores de Combust\u00edveis (Abicom), a defasagem \u00e9 muito mais alta.<\/p>\n\n\n\n<p>Nesta manh\u00e3, a diferen\u00e7a no pre\u00e7o da gasolina era de 24%, enquanto a defasagem do diesel estava em 21%.<\/p>\n\n\n\n<p>Estas diferen\u00e7as j\u00e1 duram 77 dias, e, conforme a entidade, inviabiliza as importa\u00e7\u00f5es, que est\u00e3o sendo supridas pela Petrobras.<\/p>\n\n\n\n<p>Na pr\u00e1tica, a empresa registra preju\u00edzo por comprar mais caro no mercado global e vender pelo pre\u00e7o praticado no Brasil.<\/p>\n\n\n\n<p><em>Fonte: CNN<\/em><\/p>\n","protected":false},"excerpt":{"rendered":"<p>Ao colegiado, o presidente da Petrobras, Jean Paul Prates disse que a empresa n\u00e3o tem mais compromisso em seguir a pol\u00edtica de paridade internacional desde a aprova\u00e7\u00e3o das novas diretrizes de pre\u00e7o, em maio<\/p>\n","protected":false},"author":2,"featured_media":7169,"comment_status":"open","ping_status":"open","sticky":false,"template":"","format":"standard","meta":{"om_disable_all_campaigns":false,"_monsterinsights_skip_tracking":false,"_monsterinsights_sitenote_active":false,"_monsterinsights_sitenote_note":"","_monsterinsights_sitenote_category":0,"footnotes":""},"categories":[34,70,69],"tags":[100,71,48,93,75,4178,4180,129,107,3426,4181,132,230,106,203,120,51,329,274,109,88,47,111,190],"class_list":["post-50291","post","type-post","status-publish","format-standard","has-post-thumbnail","hentry","category-brasil","category-destaques","category-noticias2","tag-adustina","tag-antas","tag-araci","tag-brasil","tag-cicero-dantas","tag-cipo-2","tag-crisopolis-2","tag-euclides-da-cunha","tag-fatima","tag-gasolina","tag-heliopolis-2","tag-itapicuru","tag-jeremoabo","tag-nova-soure","tag-novo-triunfo","tag-olindina","tag-paripiranga","tag-petrobras","tag-preco","tag-quijingue","tag-ribeira-do-amparo","tag-ribeira-do-pombal","tag-sitio-do-quinto","tag-tucano"],"aioseo_notices":[],"_links":{"self":[{"href":"https:\/\/www.portalalerta.com.br\/index.php\/wp-json\/wp\/v2\/posts\/50291","targetHints":{"allow":["GET"]}}],"collection":[{"href":"https:\/\/www.portalalerta.com.br\/index.php\/wp-json\/wp\/v2\/posts"}],"about":[{"href":"https:\/\/www.portalalerta.com.br\/index.php\/wp-json\/wp\/v2\/types\/post"}],"author":[{"embeddable":true,"href":"https:\/\/www.portalalerta.com.br\/index.php\/wp-json\/wp\/v2\/users\/2"}],"replies":[{"embeddable":true,"href":"https:\/\/www.portalalerta.com.br\/index.php\/wp-json\/wp\/v2\/comments?post=50291"}],"version-history":[{"count":1,"href":"https:\/\/www.portalalerta.com.br\/index.php\/wp-json\/wp\/v2\/posts\/50291\/revisions"}],"predecessor-version":[{"id":50292,"href":"https:\/\/www.portalalerta.com.br\/index.php\/wp-json\/wp\/v2\/posts\/50291\/revisions\/50292"}],"wp:featuredmedia":[{"embeddable":true,"href":"https:\/\/www.portalalerta.com.br\/index.php\/wp-json\/wp\/v2\/media\/7169"}],"wp:attachment":[{"href":"https:\/\/www.portalalerta.com.br\/index.php\/wp-json\/wp\/v2\/media?parent=50291"}],"wp:term":[{"taxonomy":"category","embeddable":true,"href":"https:\/\/www.portalalerta.com.br\/index.php\/wp-json\/wp\/v2\/categories?post=50291"},{"taxonomy":"post_tag","embeddable":true,"href":"https:\/\/www.portalalerta.com.br\/index.php\/wp-json\/wp\/v2\/tags?post=50291"}],"curies":[{"name":"wp","href":"https:\/\/api.w.org\/{rel}","templated":true}]}}