{"id":50299,"date":"2023-08-02T16:30:39","date_gmt":"2023-08-02T19:30:39","guid":{"rendered":"https:\/\/www.portalalerta.com.br\/?p=50299"},"modified":"2023-08-02T16:30:41","modified_gmt":"2023-08-02T19:30:41","slug":"pf-faz-operacao-contra-pornografia-infantil-em-ribeira-do-pombal-ba","status":"publish","type":"post","link":"https:\/\/www.portalalerta.com.br\/index.php\/2023\/08\/02\/pf-faz-operacao-contra-pornografia-infantil-em-ribeira-do-pombal-ba\/","title":{"rendered":"PF faz opera\u00e7\u00e3o contra pornografia infantil, em Ribeira do Pombal-BA"},"content":{"rendered":"\n<p>Mandados foram cumpridos na manh\u00e3 desta quarta-feira (2)<\/p>\n\n\n\n<!--more-->\n\n\n\n<p>A Pol\u00edcia Federal deflagrou a 2\u00aa fase da Opera\u00e7\u00e3o Pura Maldade e cumpriu tr\u00eas mandados na cidade de Ribeira do Pombal-BA, na manh\u00e3 desta quarta-feira (2). Os mandados de busca domiciliar e apreens\u00e3o de dispositivos cibern\u00e9ticos relacionados \u00e0 comercializa\u00e7\u00e3o de pornografia infantil.<br><br>Segundo a PF, durante a investiga\u00e7\u00e3o policial, a partir de t\u00e9cnicas especializadas, o suspeito foi identificado como respons\u00e1vel pela venda de materiais il\u00edcitos em grupos de redes\u00a0sociais de conversas.<\/p>\n\n\n\n<p>O suspeito responder\u00e1 pelos crimes de armazenamento e de comercializa\u00e7\u00e3o de material pornogr\u00e1fico infantojuvenil, previstos respectivamente no art. 241-B e art. 241, ambos do Estatuto da Crian\u00e7a e Adolescente. Se condenado, as penas somadas podem alcan\u00e7ar a 12 anos de reclus\u00e3o.<\/p>\n\n\n\n<p><em>Fonte: Correio<\/em><\/p>\n","protected":false},"excerpt":{"rendered":"<p>Mandados foram cumpridos na manh\u00e3 desta quarta-feira (2)<\/p>\n","protected":false},"author":2,"featured_media":50300,"comment_status":"open","ping_status":"open","sticky":false,"template":"","format":"standard","meta":{"om_disable_all_campaigns":false,"_monsterinsights_skip_tracking":false,"_monsterinsights_sitenote_active":false,"_monsterinsights_sitenote_note":"","_monsterinsights_sitenote_category":0,"footnotes":""},"categories":[70,69,32,3,22],"tags":[100,71,48,75,4178,4180,129,107,4181,132,230,106,203,120,6259,51,173,1891,109,88,47,111,190],"class_list":["post-50299","post","type-post","status-publish","format-standard","has-post-thumbnail","hentry","category-destaques","category-noticias2","category-regiao","category-ribeira-do-pombal","category-seguranca","tag-adustina","tag-antas","tag-araci","tag-cicero-dantas","tag-cipo-2","tag-crisopolis-2","tag-euclides-da-cunha","tag-fatima","tag-heliopolis-2","tag-itapicuru","tag-jeremoabo","tag-nova-soure","tag-novo-triunfo","tag-olindina","tag-operacao-pura-maldade","tag-paripiranga","tag-policia-federal","tag-pornografia-infantil","tag-quijingue","tag-ribeira-do-amparo","tag-ribeira-do-pombal","tag-sitio-do-quinto","tag-tucano"],"aioseo_notices":[],"_links":{"self":[{"href":"https:\/\/www.portalalerta.com.br\/index.php\/wp-json\/wp\/v2\/posts\/50299","targetHints":{"allow":["GET"]}}],"collection":[{"href":"https:\/\/www.portalalerta.com.br\/index.php\/wp-json\/wp\/v2\/posts"}],"about":[{"href":"https:\/\/www.portalalerta.com.br\/index.php\/wp-json\/wp\/v2\/types\/post"}],"author":[{"embeddable":true,"href":"https:\/\/www.portalalerta.com.br\/index.php\/wp-json\/wp\/v2\/users\/2"}],"replies":[{"embeddable":true,"href":"https:\/\/www.portalalerta.com.br\/index.php\/wp-json\/wp\/v2\/comments?post=50299"}],"version-history":[{"count":1,"href":"https:\/\/www.portalalerta.com.br\/index.php\/wp-json\/wp\/v2\/posts\/50299\/revisions"}],"predecessor-version":[{"id":50301,"href":"https:\/\/www.portalalerta.com.br\/index.php\/wp-json\/wp\/v2\/posts\/50299\/revisions\/50301"}],"wp:featuredmedia":[{"embeddable":true,"href":"https:\/\/www.portalalerta.com.br\/index.php\/wp-json\/wp\/v2\/media\/50300"}],"wp:attachment":[{"href":"https:\/\/www.portalalerta.com.br\/index.php\/wp-json\/wp\/v2\/media?parent=50299"}],"wp:term":[{"taxonomy":"category","embeddable":true,"href":"https:\/\/www.portalalerta.com.br\/index.php\/wp-json\/wp\/v2\/categories?post=50299"},{"taxonomy":"post_tag","embeddable":true,"href":"https:\/\/www.portalalerta.com.br\/index.php\/wp-json\/wp\/v2\/tags?post=50299"}],"curies":[{"name":"wp","href":"https:\/\/api.w.org\/{rel}","templated":true}]}}