{"id":50307,"date":"2023-08-03T07:02:00","date_gmt":"2023-08-03T10:02:00","guid":{"rendered":"https:\/\/www.portalalerta.com.br\/?p=50307"},"modified":"2023-08-03T00:41:18","modified_gmt":"2023-08-03T03:41:18","slug":"jovem-e-preso-em-cicero-dantas-ba-acusado-de-cometer-estupro-de-vulneravel","status":"publish","type":"post","link":"https:\/\/www.portalalerta.com.br\/index.php\/2023\/08\/03\/jovem-e-preso-em-cicero-dantas-ba-acusado-de-cometer-estupro-de-vulneravel\/","title":{"rendered":"Jovem \u00e9 preso em C\u00edcero Dantas-BA acusado de cometer estupro de vulner\u00e1vel"},"content":{"rendered":"\n<p>Por volta das 16h10 da \u00faltima ter\u00e7a-feira (1\u00ba), policiais civis de C\u00edcero Dantas-BA, cumpriram um mandado de pris\u00e3o em desfavor de um jovem de apenas 22 anos, no referido munic\u00edpio.<\/p>\n\n\n\n<!--more-->\n\n\n\n<p>A pris\u00e3o aconteceu na Rua Maria Cabocla, onde o jovem identificado pelas iniciais J.J. de S foi encontrado. Contra ele, recai a acusa\u00e7\u00e3o da pr\u00e1tica de estupro de vulner\u00e1vel.<\/p>\n\n\n\n<p>O rapaz foi encaminhado para a carceragem da Delegacia de Pol\u00edcia Civil, onde se encontra custodiado \u00e0 disposi\u00e7\u00e3o da justi\u00e7a.<\/p>\n\n\n\n<p><em>Reda\u00e7\u00e3o: Portal Alerta<\/em><\/p>\n","protected":false},"excerpt":{"rendered":"<p>Por volta das 16h10 da \u00faltima ter\u00e7a-feira (1\u00ba), policiais civis de C\u00edcero Dantas-BA, cumpriram um mandado de pris\u00e3o em desfavor de um jovem de apenas 22 anos, no referido munic\u00edpio.<\/p>\n","protected":false},"author":2,"featured_media":34281,"comment_status":"open","ping_status":"open","sticky":false,"template":"","format":"standard","meta":{"om_disable_all_campaigns":false,"_monsterinsights_skip_tracking":false,"_monsterinsights_sitenote_active":false,"_monsterinsights_sitenote_note":"","_monsterinsights_sitenote_category":0,"footnotes":""},"categories":[4,70,69,32,22],"tags":[100,71,48,75,4178,4180,438,129,107,4181,132,230,488,106,203,120,51,122,77,109,88,47,111],"class_list":["post-50307","post","type-post","status-publish","format-standard","has-post-thumbnail","hentry","category-cicero-dantas","category-destaques","category-noticias2","category-regiao","category-seguranca","tag-adustina","tag-antas","tag-araci","tag-cicero-dantas","tag-cipo-2","tag-crisopolis-2","tag-estupro-de-vulneravel","tag-euclides-da-cunha","tag-fatima","tag-heliopolis-2","tag-itapicuru","tag-jeremoabo","tag-mandado-de-prisao","tag-nova-soure","tag-novo-triunfo","tag-olindina","tag-paripiranga","tag-policia-civil","tag-preso","tag-quijingue","tag-ribeira-do-amparo","tag-ribeira-do-pombal","tag-sitio-do-quinto"],"aioseo_notices":[],"_links":{"self":[{"href":"https:\/\/www.portalalerta.com.br\/index.php\/wp-json\/wp\/v2\/posts\/50307","targetHints":{"allow":["GET"]}}],"collection":[{"href":"https:\/\/www.portalalerta.com.br\/index.php\/wp-json\/wp\/v2\/posts"}],"about":[{"href":"https:\/\/www.portalalerta.com.br\/index.php\/wp-json\/wp\/v2\/types\/post"}],"author":[{"embeddable":true,"href":"https:\/\/www.portalalerta.com.br\/index.php\/wp-json\/wp\/v2\/users\/2"}],"replies":[{"embeddable":true,"href":"https:\/\/www.portalalerta.com.br\/index.php\/wp-json\/wp\/v2\/comments?post=50307"}],"version-history":[{"count":1,"href":"https:\/\/www.portalalerta.com.br\/index.php\/wp-json\/wp\/v2\/posts\/50307\/revisions"}],"predecessor-version":[{"id":50308,"href":"https:\/\/www.portalalerta.com.br\/index.php\/wp-json\/wp\/v2\/posts\/50307\/revisions\/50308"}],"wp:featuredmedia":[{"embeddable":true,"href":"https:\/\/www.portalalerta.com.br\/index.php\/wp-json\/wp\/v2\/media\/34281"}],"wp:attachment":[{"href":"https:\/\/www.portalalerta.com.br\/index.php\/wp-json\/wp\/v2\/media?parent=50307"}],"wp:term":[{"taxonomy":"category","embeddable":true,"href":"https:\/\/www.portalalerta.com.br\/index.php\/wp-json\/wp\/v2\/categories?post=50307"},{"taxonomy":"post_tag","embeddable":true,"href":"https:\/\/www.portalalerta.com.br\/index.php\/wp-json\/wp\/v2\/tags?post=50307"}],"curies":[{"name":"wp","href":"https:\/\/api.w.org\/{rel}","templated":true}]}}