{"id":50311,"date":"2023-08-03T11:00:00","date_gmt":"2023-08-03T14:00:00","guid":{"rendered":"https:\/\/www.portalalerta.com.br\/?p=50311"},"modified":"2023-08-03T01:39:07","modified_gmt":"2023-08-03T04:39:07","slug":"lula-reune-cupula-do-pt-no-alvorada-para-comunicar-que-partido-vai-perder-espaco-no-governo","status":"publish","type":"post","link":"https:\/\/www.portalalerta.com.br\/index.php\/2023\/08\/03\/lula-reune-cupula-do-pt-no-alvorada-para-comunicar-que-partido-vai-perder-espaco-no-governo\/","title":{"rendered":"Lula re\u00fane c\u00fapula do PT no Alvorada para comunicar que partido vai perder espa\u00e7o no governo"},"content":{"rendered":"\n<p><strong>Nesta quarta-feira (2), Lula recebe os l\u00edderes do governo e a presidente do partido, Gleisi Hoffmann, para discutir mudan\u00e7as nos minist\u00e9rios.<\/strong><\/p>\n\n\n\n<!--more-->\n\n\n\n<p>O presidente Lula recebe no Pal\u00e1cio do Alvorada, nesta quarta-feira (2), l\u00edderes do governo, ministros e a presidente do PT,\u00a0Gleisi Hoffmann, para discutir mudan\u00e7as na Esplanada dos Minist\u00e9rios.<\/p>\n\n\n<div class=\"wp-block-image\">\n<figure class=\"alignleft size-full\"><img fetchpriority=\"high\" decoding=\"async\" width=\"400\" height=\"300\" src=\"https:\/\/www.portalalerta.com.br\/wp-content\/uploads\/2023\/01\/Auto-Escola-Sonho.jpg\" alt=\"\" class=\"wp-image-47083\" srcset=\"https:\/\/www.portalalerta.com.br\/wp-content\/uploads\/2023\/01\/Auto-Escola-Sonho.jpg 400w, https:\/\/www.portalalerta.com.br\/wp-content\/uploads\/2023\/01\/Auto-Escola-Sonho-320x240.jpg 320w\" sizes=\"(max-width: 400px) 100vw, 400px\" \/><\/figure><\/div>\n\n\n<p>Segundo apurou o&nbsp;<strong>blog<\/strong>, Lula deve comunicar ao grupo que o PT vai perder espa\u00e7o no governo. A ideia \u00e9 que a reforma ministerial ajude a garantir uma base de sustenta\u00e7\u00e3o que permita ao governo aprovar seus projetos.<\/p>\n\n\n\n<p>Em julho, o presidente j\u00e1 havia\u00a0confirmado a substitui\u00e7\u00e3o de Daniela Carneiro por Celso Sabino no Minist\u00e9rio do Turismo. Ambos s\u00e3o do Uni\u00e3o Brasil, que\u00a0pressionou o Planalto pela troca<\/p>\n\n\n\n<p><em>Fonte: G1<\/em><\/p>\n","protected":false},"excerpt":{"rendered":"<p>Nesta quarta-feira (2), Lula recebe os l\u00edderes do governo e a presidente do partido, Gleisi Hoffmann, para discutir mudan\u00e7as nos minist\u00e9rios.<\/p>\n","protected":false},"author":2,"featured_media":50312,"comment_status":"open","ping_status":"open","sticky":false,"template":"","format":"standard","meta":{"om_disable_all_campaigns":false,"_monsterinsights_skip_tracking":false,"_monsterinsights_sitenote_active":false,"_monsterinsights_sitenote_note":"","_monsterinsights_sitenote_category":0,"footnotes":""},"categories":[34,70,69,21],"tags":[100,71,48,93,75,4178,4180,129,107,249,4181,132,230,303,106,203,120,51,1152,304,109,88,47,111],"class_list":["post-50311","post","type-post","status-publish","format-standard","has-post-thumbnail","hentry","category-brasil","category-destaques","category-noticias2","category-politica","tag-adustina","tag-antas","tag-araci","tag-brasil","tag-cicero-dantas","tag-cipo-2","tag-crisopolis-2","tag-euclides-da-cunha","tag-fatima","tag-governo-federal","tag-heliopolis-2","tag-itapicuru","tag-jeremoabo","tag-lula","tag-nova-soure","tag-novo-triunfo","tag-olindina","tag-paripiranga","tag-presidente-da-republica","tag-pt","tag-quijingue","tag-ribeira-do-amparo","tag-ribeira-do-pombal","tag-sitio-do-quinto"],"aioseo_notices":[],"_links":{"self":[{"href":"https:\/\/www.portalalerta.com.br\/index.php\/wp-json\/wp\/v2\/posts\/50311","targetHints":{"allow":["GET"]}}],"collection":[{"href":"https:\/\/www.portalalerta.com.br\/index.php\/wp-json\/wp\/v2\/posts"}],"about":[{"href":"https:\/\/www.portalalerta.com.br\/index.php\/wp-json\/wp\/v2\/types\/post"}],"author":[{"embeddable":true,"href":"https:\/\/www.portalalerta.com.br\/index.php\/wp-json\/wp\/v2\/users\/2"}],"replies":[{"embeddable":true,"href":"https:\/\/www.portalalerta.com.br\/index.php\/wp-json\/wp\/v2\/comments?post=50311"}],"version-history":[{"count":1,"href":"https:\/\/www.portalalerta.com.br\/index.php\/wp-json\/wp\/v2\/posts\/50311\/revisions"}],"predecessor-version":[{"id":50313,"href":"https:\/\/www.portalalerta.com.br\/index.php\/wp-json\/wp\/v2\/posts\/50311\/revisions\/50313"}],"wp:featuredmedia":[{"embeddable":true,"href":"https:\/\/www.portalalerta.com.br\/index.php\/wp-json\/wp\/v2\/media\/50312"}],"wp:attachment":[{"href":"https:\/\/www.portalalerta.com.br\/index.php\/wp-json\/wp\/v2\/media?parent=50311"}],"wp:term":[{"taxonomy":"category","embeddable":true,"href":"https:\/\/www.portalalerta.com.br\/index.php\/wp-json\/wp\/v2\/categories?post=50311"},{"taxonomy":"post_tag","embeddable":true,"href":"https:\/\/www.portalalerta.com.br\/index.php\/wp-json\/wp\/v2\/tags?post=50311"}],"curies":[{"name":"wp","href":"https:\/\/api.w.org\/{rel}","templated":true}]}}