{"id":50314,"date":"2023-08-03T11:01:00","date_gmt":"2023-08-03T14:01:00","guid":{"rendered":"https:\/\/www.portalalerta.com.br\/?p=50314"},"modified":"2023-08-03T01:47:34","modified_gmt":"2023-08-03T04:47:34","slug":"prefeitura-de-ribeira-do-pombal-ba-e-governo-do-estado-dao-inicio-ao-pre-enem-gratuito-preparando-alunos-da-rede-publica-para-o-enem","status":"publish","type":"post","link":"https:\/\/www.portalalerta.com.br\/index.php\/2023\/08\/03\/prefeitura-de-ribeira-do-pombal-ba-e-governo-do-estado-dao-inicio-ao-pre-enem-gratuito-preparando-alunos-da-rede-publica-para-o-enem\/","title":{"rendered":"Prefeitura de Ribeira do Pombal-BA e governo do estado d\u00e3o in\u00edcio ao Pr\u00e9-Enem gratuito, preparando alunos da rede p\u00fablica para o ENEM"},"content":{"rendered":"\n<p>Come\u00e7ou no \u00faltimo dia 1\u00ba, o projeto \u201cUniversidade para Todos\u201d (UPT), oferecendo aulas preparat\u00f3rias gratuitas para o Exame Nacional do Ensino M\u00e9dio (ENEM).<\/p>\n\n\n\n<!--more-->\n\n\n\n<p>Com a participa\u00e7\u00e3o do prefeito Erikson Silva, da secret\u00e1ria de educa\u00e7\u00e3o Aline Silva e do diretor do NTE17 Deusdete Jr, a solenidade marcou o lan\u00e7amento oficial do programa, que visa contribuir para o sucesso dos estudantes da rede p\u00fablica no ENEM \u2013 a principal porta de entrada para o ensino superior.<\/p>\n\n\n<div class=\"wp-block-image\">\n<figure class=\"alignleft size-full is-resized\"><img fetchpriority=\"high\" decoding=\"async\" src=\"https:\/\/www.portalalerta.com.br\/wp-content\/uploads\/2022\/03\/Cred-Real.1.jpg\" alt=\"\" class=\"wp-image-41523\" width=\"425\" height=\"340\" srcset=\"https:\/\/www.portalalerta.com.br\/wp-content\/uploads\/2022\/03\/Cred-Real.1.jpg 500w, https:\/\/www.portalalerta.com.br\/wp-content\/uploads\/2022\/03\/Cred-Real.1-300x240.jpg 300w, https:\/\/www.portalalerta.com.br\/wp-content\/uploads\/2022\/03\/Cred-Real.1-183x146.jpg 183w, https:\/\/www.portalalerta.com.br\/wp-content\/uploads\/2022\/03\/Cred-Real.1-50x40.jpg 50w, https:\/\/www.portalalerta.com.br\/wp-content\/uploads\/2022\/03\/Cred-Real.1-94x75.jpg 94w\" sizes=\"(max-width: 425px) 100vw, 425px\" \/><\/figure><\/div>\n\n\n<p>Na primeira turma, que j\u00e1 conta com 33 alunos, as aulas est\u00e3o acontecendo no Col\u00e9gio Ev\u00eancia Brito. A secret\u00e1ria Aline Silva ressaltou a import\u00e2ncia do programa UPT como mais uma parceria com o governo do estado, demonstrando o empenho da pasta em oferecer uma educa\u00e7\u00e3o p\u00fablica de qualidade.<\/p>\n\n\n\n<p>O prefeito Erikson Silva destacou a prioriza\u00e7\u00e3o da educa\u00e7\u00e3o em seu governo, afirmando que a implementa\u00e7\u00e3o do programa \u00e9 motivo de grande felicidade. Ele lembrou ainda que mais de 50% dos itens propostos durante o per\u00edodo eleitoral, especialmente no campo da educa\u00e7\u00e3o, j\u00e1 foram executados.<\/p>\n\n\n\n<p>O Pr\u00e9-Enem gratuito \u00e9 um importante incentivo para os estudantes de Ribeira do Pombal, proporcionando recursos e prepara\u00e7\u00e3o adequada para enfrentar o desafio do ENEM e alcan\u00e7ar seus objetivos no ensino superior.<\/p>\n\n\n\n<p>O projeto UPT \u00e9 mais uma iniciativa da Prefeitura que evidencia o compromisso em promover uma educa\u00e7\u00e3o de excel\u00eancia e garantir oportunidades iguais para todos os estudantes da rede p\u00fablica. Com o apoio de parcerias e a dedica\u00e7\u00e3o da equipe envolvida, a expectativa \u00e9 de que esse projeto traga resultados positivos e auxilie no fortalecimento do ensino p\u00fablico em Ribeira do Pombal.<\/p>\n\n\n\n<p><em>Fonte: SECOM\/ Ribeira do Pombal<\/em><\/p>\n","protected":false},"excerpt":{"rendered":"<p>Come\u00e7ou no \u00faltimo dia 1\u00ba, o projeto \u201cUniversidade para Todos\u201d (UPT), oferecendo aulas preparat\u00f3rias gratuitas para o Exame Nacional do Ensino M\u00e9dio (ENEM).<\/p>\n","protected":false},"author":2,"featured_media":50315,"comment_status":"open","ping_status":"open","sticky":false,"template":"","format":"standard","meta":{"om_disable_all_campaigns":false,"_monsterinsights_skip_tracking":false,"_monsterinsights_sitenote_active":false,"_monsterinsights_sitenote_note":"","_monsterinsights_sitenote_category":0,"footnotes":""},"categories":[70,20,69,32,3],"tags":[100,71,48,75,4178,4180,140,129,107,4181,132,230,106,203,120,51,6262,109,88,47,111],"class_list":["post-50314","post","type-post","status-publish","format-standard","has-post-thumbnail","hentry","category-destaques","category-educacao","category-noticias2","category-regiao","category-ribeira-do-pombal","tag-adustina","tag-antas","tag-araci","tag-cicero-dantas","tag-cipo-2","tag-crisopolis-2","tag-educacao","tag-euclides-da-cunha","tag-fatima","tag-heliopolis-2","tag-itapicuru","tag-jeremoabo","tag-nova-soure","tag-novo-triunfo","tag-olindina","tag-paripiranga","tag-pre-enem","tag-quijingue","tag-ribeira-do-amparo","tag-ribeira-do-pombal","tag-sitio-do-quinto"],"aioseo_notices":[],"_links":{"self":[{"href":"https:\/\/www.portalalerta.com.br\/index.php\/wp-json\/wp\/v2\/posts\/50314","targetHints":{"allow":["GET"]}}],"collection":[{"href":"https:\/\/www.portalalerta.com.br\/index.php\/wp-json\/wp\/v2\/posts"}],"about":[{"href":"https:\/\/www.portalalerta.com.br\/index.php\/wp-json\/wp\/v2\/types\/post"}],"author":[{"embeddable":true,"href":"https:\/\/www.portalalerta.com.br\/index.php\/wp-json\/wp\/v2\/users\/2"}],"replies":[{"embeddable":true,"href":"https:\/\/www.portalalerta.com.br\/index.php\/wp-json\/wp\/v2\/comments?post=50314"}],"version-history":[{"count":1,"href":"https:\/\/www.portalalerta.com.br\/index.php\/wp-json\/wp\/v2\/posts\/50314\/revisions"}],"predecessor-version":[{"id":50316,"href":"https:\/\/www.portalalerta.com.br\/index.php\/wp-json\/wp\/v2\/posts\/50314\/revisions\/50316"}],"wp:featuredmedia":[{"embeddable":true,"href":"https:\/\/www.portalalerta.com.br\/index.php\/wp-json\/wp\/v2\/media\/50315"}],"wp:attachment":[{"href":"https:\/\/www.portalalerta.com.br\/index.php\/wp-json\/wp\/v2\/media?parent=50314"}],"wp:term":[{"taxonomy":"category","embeddable":true,"href":"https:\/\/www.portalalerta.com.br\/index.php\/wp-json\/wp\/v2\/categories?post=50314"},{"taxonomy":"post_tag","embeddable":true,"href":"https:\/\/www.portalalerta.com.br\/index.php\/wp-json\/wp\/v2\/tags?post=50314"}],"curies":[{"name":"wp","href":"https:\/\/api.w.org\/{rel}","templated":true}]}}