{"id":50321,"date":"2023-08-03T11:03:00","date_gmt":"2023-08-03T14:03:00","guid":{"rendered":"https:\/\/www.portalalerta.com.br\/?p=50321"},"modified":"2023-08-03T10:58:37","modified_gmt":"2023-08-03T13:58:37","slug":"acusado-de-assassinar-mulher-a-facadas-e-preso-em-cicero-dantas-ba","status":"publish","type":"post","link":"https:\/\/www.portalalerta.com.br\/index.php\/2023\/08\/03\/acusado-de-assassinar-mulher-a-facadas-e-preso-em-cicero-dantas-ba\/","title":{"rendered":"Acusado de assassinar mulher a facadas, \u00e9 preso em C\u00edcero Dantas-BA"},"content":{"rendered":"\n<p>J\u00e1 est\u00e1 preso o homem acusado de assassinar a facadas Josefa Cristina Jesus de Santana, 47 anos, no \u00faltimo final de semana, em C\u00edcero Dantas-BA.<\/p>\n\n\n\n<!--more-->\n\n\n\n<p>Erivaldo Celestino Neves foi preso por volta das 15h30 desta quarta-feira (02), na Rua Maria Cabocla, no referido munic\u00edpio. O crime aconteceu por volta das 22h30 do \u00faltimo domingo (30), quando Josefa foi ferida no pesco\u00e7o com golpes de faca, momento em que a v\u00edtima se encontrava nas proximidades de um bar situado \u00e0 Av. ACM, centro da cidade. Por conta da gravidade dos ferimentos, a mulher morreu no local. <strong><a href=\"https:\/\/www.portalalerta.com.br\/index.php\/2023\/07\/31\/mulher-e-assassinada-a-facadas-em-cicero-dantas-ba-2\/\">Relembre<\/a><\/strong><\/p>\n\n\n\n<p>De acordo com informa\u00e7\u00f5es, as investiga\u00e7\u00f5es apontam que Erivaldo Celestino Neves cometeu o crime motivado por ci\u00fames, o que originou o mandado de pris\u00e3o preventiva em seu desfavor.<\/p>\n\n\n<div class=\"wp-block-image\">\n<figure class=\"aligncenter size-full\"><img fetchpriority=\"high\" decoding=\"async\" width=\"576\" height=\"582\" src=\"https:\/\/www.portalalerta.com.br\/wp-content\/uploads\/2023\/08\/Erivaldo-Celestino-Neves.jpg\" alt=\"\" class=\"wp-image-50322\" srcset=\"https:\/\/www.portalalerta.com.br\/wp-content\/uploads\/2023\/08\/Erivaldo-Celestino-Neves.jpg 576w, https:\/\/www.portalalerta.com.br\/wp-content\/uploads\/2023\/08\/Erivaldo-Celestino-Neves-238x240.jpg 238w\" sizes=\"(max-width: 576px) 100vw, 576px\" \/><figcaption class=\"wp-element-caption\">Erivaldo \u00e9 apontado como autor do \u00faltimo feminic\u00eddio ocorrido em C\u00edcero Dantas<\/figcaption><\/figure><\/div>\n\n\n<p>Erivaldo foi conduzido para a Delegacia de Pol\u00edcia Civil da cidade, de onde foi transferido para o pres\u00eddio de Paulo Afonso na manh\u00e3 desta quinta-feira (03).<\/p>\n\n\n\n<p><em>Reda\u00e7\u00e3o: Portal Alerta<\/em><\/p>\n","protected":false},"excerpt":{"rendered":"<p>J\u00e1 est\u00e1 preso o homem acusado de assassinar a facadas Josefa Cristina Jesus de Santana, 47 anos, no \u00faltimo final de semana, em C\u00edcero Dantas-BA.<\/p>\n","protected":false},"author":2,"featured_media":50245,"comment_status":"open","ping_status":"open","sticky":false,"template":"","format":"standard","meta":{"om_disable_all_campaigns":false,"_monsterinsights_skip_tracking":false,"_monsterinsights_sitenote_active":false,"_monsterinsights_sitenote_note":"","_monsterinsights_sitenote_category":0,"footnotes":""},"categories":[4,70,69,32,22],"tags":[100,71,48,75,4178,4180,129,492,107,222,4181,206,132,230,488,106,203,120,51,122,77,109,88,47,111],"class_list":["post-50321","post","type-post","status-publish","format-standard","has-post-thumbnail","hentry","category-cicero-dantas","category-destaques","category-noticias2","category-regiao","category-seguranca","tag-adustina","tag-antas","tag-araci","tag-cicero-dantas","tag-cipo-2","tag-crisopolis-2","tag-euclides-da-cunha","tag-facada","tag-fatima","tag-feminicidio","tag-heliopolis-2","tag-homicidio","tag-itapicuru","tag-jeremoabo","tag-mandado-de-prisao","tag-nova-soure","tag-novo-triunfo","tag-olindina","tag-paripiranga","tag-policia-civil","tag-preso","tag-quijingue","tag-ribeira-do-amparo","tag-ribeira-do-pombal","tag-sitio-do-quinto"],"aioseo_notices":[],"_links":{"self":[{"href":"https:\/\/www.portalalerta.com.br\/index.php\/wp-json\/wp\/v2\/posts\/50321","targetHints":{"allow":["GET"]}}],"collection":[{"href":"https:\/\/www.portalalerta.com.br\/index.php\/wp-json\/wp\/v2\/posts"}],"about":[{"href":"https:\/\/www.portalalerta.com.br\/index.php\/wp-json\/wp\/v2\/types\/post"}],"author":[{"embeddable":true,"href":"https:\/\/www.portalalerta.com.br\/index.php\/wp-json\/wp\/v2\/users\/2"}],"replies":[{"embeddable":true,"href":"https:\/\/www.portalalerta.com.br\/index.php\/wp-json\/wp\/v2\/comments?post=50321"}],"version-history":[{"count":1,"href":"https:\/\/www.portalalerta.com.br\/index.php\/wp-json\/wp\/v2\/posts\/50321\/revisions"}],"predecessor-version":[{"id":50323,"href":"https:\/\/www.portalalerta.com.br\/index.php\/wp-json\/wp\/v2\/posts\/50321\/revisions\/50323"}],"wp:featuredmedia":[{"embeddable":true,"href":"https:\/\/www.portalalerta.com.br\/index.php\/wp-json\/wp\/v2\/media\/50245"}],"wp:attachment":[{"href":"https:\/\/www.portalalerta.com.br\/index.php\/wp-json\/wp\/v2\/media?parent=50321"}],"wp:term":[{"taxonomy":"category","embeddable":true,"href":"https:\/\/www.portalalerta.com.br\/index.php\/wp-json\/wp\/v2\/categories?post=50321"},{"taxonomy":"post_tag","embeddable":true,"href":"https:\/\/www.portalalerta.com.br\/index.php\/wp-json\/wp\/v2\/tags?post=50321"}],"curies":[{"name":"wp","href":"https:\/\/api.w.org\/{rel}","templated":true}]}}