{"id":50328,"date":"2023-08-03T22:46:32","date_gmt":"2023-08-04T01:46:32","guid":{"rendered":"https:\/\/www.portalalerta.com.br\/?p=50328"},"modified":"2023-08-03T22:46:34","modified_gmt":"2023-08-04T01:46:34","slug":"policia-federal-prende-homem-que-ameacou-dar-tiro-em-lula-no-interior-do-para","status":"publish","type":"post","link":"https:\/\/www.portalalerta.com.br\/index.php\/2023\/08\/03\/policia-federal-prende-homem-que-ameacou-dar-tiro-em-lula-no-interior-do-para\/","title":{"rendered":"Pol\u00edcia Federal prende homem que amea\u00e7ou dar tiro em Lula no interior do Par\u00e1"},"content":{"rendered":"\n<p>Um homem suspeito de amea\u00e7ar dar um tiro no presidente\u00a0Luiz In\u00e1cio Lula da Silva\u00a0(PT) foi preso pela Pol\u00edcia Federal, nesta quinta-feira (3), em Santar\u00e9m, no\u00a0Par\u00e1.<\/p>\n\n\n\n<!--more-->\n\n\n\n<p>De acordo com a investiga\u00e7\u00e3o, as amea\u00e7as foram feitas na quarta-feira (2) em uma distribuidora de bebidas. O nome do investigado n\u00e3o foi divulgado pela pol\u00edcia.<\/p>\n\n\n<div class=\"wp-block-image\">\n<figure class=\"alignleft size-full is-resized\"><img fetchpriority=\"high\" decoding=\"async\" src=\"https:\/\/www.portalalerta.com.br\/wp-content\/uploads\/2022\/03\/Cred-Real.1.jpg\" alt=\"\" class=\"wp-image-41523\" width=\"393\" height=\"314\" srcset=\"https:\/\/www.portalalerta.com.br\/wp-content\/uploads\/2022\/03\/Cred-Real.1.jpg 500w, https:\/\/www.portalalerta.com.br\/wp-content\/uploads\/2022\/03\/Cred-Real.1-300x240.jpg 300w, https:\/\/www.portalalerta.com.br\/wp-content\/uploads\/2022\/03\/Cred-Real.1-183x146.jpg 183w, https:\/\/www.portalalerta.com.br\/wp-content\/uploads\/2022\/03\/Cred-Real.1-50x40.jpg 50w, https:\/\/www.portalalerta.com.br\/wp-content\/uploads\/2022\/03\/Cred-Real.1-94x75.jpg 94w\" sizes=\"(max-width: 393px) 100vw, 393px\" \/><\/figure><\/div>\n\n\n<p><strong><em>\u201cO homem teria dito que daria um tiro na barriga do presidente e perguntado aos presentes se sabiam onde ele se hospedaria quando fosse ao munic\u00edpio\u201d<\/em><\/strong>, informou nota da PF. Lula estar\u00e1 no Par\u00e1 nos pr\u00f3ximos dias.<\/p>\n\n\n\n<p>O ministro da Justi\u00e7a e da Seguran\u00e7a P\u00fablica, Fl\u00e1vio Dino, afirmou nas redes sociais que <strong><em>\u201cisso n\u00e3o \u00e9 liberdade de express\u00e3o\u201d<\/em><\/strong>, e que a Pol\u00edcia Federal seguir\u00e1 aplicando a lei contra criminosos. <strong><em>\u201cRenovo os apelos para que as pessoas protestem pacificamente e esperem a elei\u00e7\u00e3o de 2026\u201d<\/em><\/strong>, continuou.<\/p>\n\n\n\n<p>Um inqu\u00e9rito foi instaurado ap\u00f3s uma das testemunhas realizar uma den\u00fancia logo ap\u00f3s o ocorrido. Ao ser encontrado pelos policiais, o suspeito disse que teria participado dos atos de 8 de janeiro, em Bras\u00edlia, e que teria invadido o sal\u00e3o verde da C\u00e2mara dos Deputados.<\/p>\n\n\n\n<p><strong><em>\u201cSegundo o pr\u00f3prio homem, ele teria participado das manifesta\u00e7\u00f5es em frente ao 8\u00ba Batalh\u00e3o de Engenharia de Constru\u00e7\u00e3o situado na cidade de Santar\u00e9m\/PA durante 60 dias ininterruptos e que, inclusive, financiou a manifesta\u00e7\u00e3o com R$ 1 mil todos os dias\u201d<\/em><\/strong>, completou a corpora\u00e7\u00e3o.<\/p>\n\n\n\n<p>O suspeito pode responder pelos crimes de amea\u00e7a e incita\u00e7\u00e3o, ou preparo de atentado contra pessoa por motivos pol\u00edticos.<\/p>\n\n\n\n<p><em>Fonte: CNN<\/em><\/p>\n","protected":false},"excerpt":{"rendered":"<p>Um homem suspeito de amea\u00e7ar dar um tiro no presidente\u00a0Luiz In\u00e1cio Lula da Silva\u00a0(PT) foi preso pela Pol\u00edcia Federal, nesta quinta-feira (3), em Santar\u00e9m, no\u00a0Par\u00e1.<\/p>\n","protected":false},"author":2,"featured_media":32169,"comment_status":"open","ping_status":"open","sticky":false,"template":"","format":"standard","meta":{"om_disable_all_campaigns":false,"_monsterinsights_skip_tracking":false,"_monsterinsights_sitenote_active":false,"_monsterinsights_sitenote_note":"","_monsterinsights_sitenote_category":0,"footnotes":""},"categories":[34,70,69,21,22],"tags":[100,59,71,48,93,75,4178,4180,129,107,4181,132,230,303,106,203,120,244,51,109,88,47,111],"class_list":["post-50328","post","type-post","status-publish","format-standard","has-post-thumbnail","hentry","category-brasil","category-destaques","category-noticias2","category-politica","category-seguranca","tag-adustina","tag-ameaca","tag-antas","tag-araci","tag-brasil","tag-cicero-dantas","tag-cipo-2","tag-crisopolis-2","tag-euclides-da-cunha","tag-fatima","tag-heliopolis-2","tag-itapicuru","tag-jeremoabo","tag-lula","tag-nova-soure","tag-novo-triunfo","tag-olindina","tag-para","tag-paripiranga","tag-quijingue","tag-ribeira-do-amparo","tag-ribeira-do-pombal","tag-sitio-do-quinto"],"aioseo_notices":[],"_links":{"self":[{"href":"https:\/\/www.portalalerta.com.br\/index.php\/wp-json\/wp\/v2\/posts\/50328","targetHints":{"allow":["GET"]}}],"collection":[{"href":"https:\/\/www.portalalerta.com.br\/index.php\/wp-json\/wp\/v2\/posts"}],"about":[{"href":"https:\/\/www.portalalerta.com.br\/index.php\/wp-json\/wp\/v2\/types\/post"}],"author":[{"embeddable":true,"href":"https:\/\/www.portalalerta.com.br\/index.php\/wp-json\/wp\/v2\/users\/2"}],"replies":[{"embeddable":true,"href":"https:\/\/www.portalalerta.com.br\/index.php\/wp-json\/wp\/v2\/comments?post=50328"}],"version-history":[{"count":1,"href":"https:\/\/www.portalalerta.com.br\/index.php\/wp-json\/wp\/v2\/posts\/50328\/revisions"}],"predecessor-version":[{"id":50329,"href":"https:\/\/www.portalalerta.com.br\/index.php\/wp-json\/wp\/v2\/posts\/50328\/revisions\/50329"}],"wp:featuredmedia":[{"embeddable":true,"href":"https:\/\/www.portalalerta.com.br\/index.php\/wp-json\/wp\/v2\/media\/32169"}],"wp:attachment":[{"href":"https:\/\/www.portalalerta.com.br\/index.php\/wp-json\/wp\/v2\/media?parent=50328"}],"wp:term":[{"taxonomy":"category","embeddable":true,"href":"https:\/\/www.portalalerta.com.br\/index.php\/wp-json\/wp\/v2\/categories?post=50328"},{"taxonomy":"post_tag","embeddable":true,"href":"https:\/\/www.portalalerta.com.br\/index.php\/wp-json\/wp\/v2\/tags?post=50328"}],"curies":[{"name":"wp","href":"https:\/\/api.w.org\/{rel}","templated":true}]}}