{"id":50336,"date":"2023-08-06T17:11:47","date_gmt":"2023-08-06T20:11:47","guid":{"rendered":"https:\/\/www.portalalerta.com.br\/?p=50336"},"modified":"2023-08-06T17:11:48","modified_gmt":"2023-08-06T20:11:48","slug":"euclides-da-cunha-ba-tera-centro-de-observatorio-apicula-para-monitorar-causa-de-mortes-de-abelhas-na-regiao","status":"publish","type":"post","link":"https:\/\/www.portalalerta.com.br\/index.php\/2023\/08\/06\/euclides-da-cunha-ba-tera-centro-de-observatorio-apicula-para-monitorar-causa-de-mortes-de-abelhas-na-regiao\/","title":{"rendered":"Euclides da Cunha-BA ter\u00e1 Centro de Observat\u00f3rio Ap\u00edcula para monitorar causa de mortes de abelhas na regi\u00e3o"},"content":{"rendered":"\n<p>O Minist\u00e9rio P\u00fablico estadual, por meio da Promotoria de Justi\u00e7a Regional Especializada em Meio Ambiente de Euclides da Cunha-BA, promoveu na \u00faltima ter\u00e7a-feira (1\u00ba), uma reuni\u00e3o para discutir as supostas causas de mortes de abelhas na regi\u00e3o.<\/p>\n\n\n\n<!--more-->\n\n\n\n<p>Na ocasi\u00e3o ficou decidida a cria\u00e7\u00e3o de um Centro de Observat\u00f3rio Ap\u00edcula para investigar as causas das mortes desses insetos relatadas por apicultores nos Munic\u00edpios de Euclides da Cunha e Ribeira do Pombal. A reuni\u00e3o foi conduzida pelo promotor de Justi\u00e7a Adriano Nunes, que informou a instaura\u00e7\u00e3o de um procedimento no MP para identificar a causa e os respons\u00e1veis pelas mortes das abelhas.<\/p>\n\n\n<div class=\"wp-block-image\">\n<figure class=\"alignleft size-full\"><img fetchpriority=\"high\" decoding=\"async\" width=\"400\" height=\"300\" src=\"https:\/\/www.portalalerta.com.br\/wp-content\/uploads\/2023\/01\/Auto-Escola-Sonho.jpg\" alt=\"\" class=\"wp-image-47083\" srcset=\"https:\/\/www.portalalerta.com.br\/wp-content\/uploads\/2023\/01\/Auto-Escola-Sonho.jpg 400w, https:\/\/www.portalalerta.com.br\/wp-content\/uploads\/2023\/01\/Auto-Escola-Sonho-320x240.jpg 320w\" sizes=\"(max-width: 400px) 100vw, 400px\" \/><\/figure><\/div>\n\n\n<p>A cria\u00e7\u00e3o do Centro de Observat\u00f3rio Ap\u00edcula na regi\u00e3o de Euclides da Cunha visa levantar informa\u00e7\u00f5es acerca do n\u00famero de apicultores e dos epis\u00f3dios de supostas mortes de abelhas proveniente do uso de agrot\u00f3xicos, bem como o registro das ocorr\u00eancias perante \u00e0 autoridade policial. Tamb\u00e9m ficou definido a elabora\u00e7\u00e3o de um plano de trabalho para buscar informa\u00e7\u00f5es sobre aplica\u00e7\u00e3o de agrot\u00f3xicos pr\u00f3ximo \u00e0s \u00e1reas de cria\u00e7\u00e3o de abelhas; mapear os locais de cria\u00e7\u00e3o; mapear as fazendas pr\u00f3ximas das \u00e1reas de cria\u00e7\u00e3o de abelhas onde supostamente ocorreram pulveriza\u00e7\u00f5es; e coletar poss\u00edveis provas para detec\u00e7\u00e3o de res\u00edduos de agrot\u00f3xicos utilizados na regi\u00e3o. <strong><em>\u201cO desaparecimento das abelhas pode impedir ou reduzir drasticamente a reprodu\u00e7\u00e3o de muitas esp\u00e9cies de plantas, levando ao desequil\u00edbrio dos ecossistemas e a perda da biodiversidade. A produtividade agr\u00edcola tamb\u00e9m est\u00e1 em risco, podendo ocasionar forte impacto \u00e0 economia global\u201d<\/em><\/strong>, destacou o promotor de Justi\u00e7a Adriano Nunes.<\/p>\n\n\n\n<p>Participaram da reuni\u00e3o representantes da Associa\u00e7\u00e3o dos Apicultores de Euclides da Cunha. (ASSAPEC); da Associa\u00e7\u00e3o Comunit\u00e1ria da Fazenda Baixas; da Companhia de Desenvolvimento e A\u00e7\u00e3o Regional (CAR); do Instituto Federal de Educa\u00e7\u00e3o, Ci\u00eancia e Tecnologia da Bahia; Sindicato dos Trabalhadores Rurais (STR); do Servi\u00e7o Nacional de Aprendizagem Rural (Senar); Associa\u00e7\u00e3o Comunit\u00e1ria da Fazenda Baixas; Universidade do Estado da Bahia (Uneb); Superintend\u00eancia de Agricultura Familiar do Estado da Bahia; Ag\u00eancia de Defesa Agropecu\u00e1ria da Bahia (Adab); Federa\u00e7\u00e3o Baiana de Apicultura; Cooperativa dos Apicultores de Tucano; Coordena\u00e7\u00e3o Estadual de Apicultura e Meliponicultura; e Departamento de Pol\u00edcia T\u00e9cnica (DPT).<em>Fonte: A Voz do Campo<\/em><\/p>\n","protected":false},"excerpt":{"rendered":"<p>O Minist\u00e9rio P\u00fablico estadual, por meio da Promotoria de Justi\u00e7a Regional Especializada em Meio Ambiente de Euclides da Cunha-BA, promoveu na \u00faltima ter\u00e7a-feira (1\u00ba), uma reuni\u00e3o para discutir as supostas causas de mortes de abelhas na regi\u00e3o.<\/p>\n","protected":false},"author":2,"featured_media":49642,"comment_status":"open","ping_status":"open","sticky":false,"template":"","format":"standard","meta":{"om_disable_all_campaigns":false,"_monsterinsights_skip_tracking":false,"_monsterinsights_sitenote_active":false,"_monsterinsights_sitenote_note":"","_monsterinsights_sitenote_category":0,"footnotes":""},"categories":[70,17,69,32,3],"tags":[100,71,48,75,4178,4180,129,107,4181,132,230,352,6185,106,203,120,51,109,88,47,111],"class_list":["post-50336","post","type-post","status-publish","format-standard","has-post-thumbnail","hentry","category-destaques","category-euclides-da-cunha","category-noticias2","category-regiao","category-ribeira-do-pombal","tag-adustina","tag-antas","tag-araci","tag-cicero-dantas","tag-cipo-2","tag-crisopolis-2","tag-euclides-da-cunha","tag-fatima","tag-heliopolis-2","tag-itapicuru","tag-jeremoabo","tag-ministerio-publico","tag-morte-de-abelhas","tag-nova-soure","tag-novo-triunfo","tag-olindina","tag-paripiranga","tag-quijingue","tag-ribeira-do-amparo","tag-ribeira-do-pombal","tag-sitio-do-quinto"],"aioseo_notices":[],"_links":{"self":[{"href":"https:\/\/www.portalalerta.com.br\/index.php\/wp-json\/wp\/v2\/posts\/50336","targetHints":{"allow":["GET"]}}],"collection":[{"href":"https:\/\/www.portalalerta.com.br\/index.php\/wp-json\/wp\/v2\/posts"}],"about":[{"href":"https:\/\/www.portalalerta.com.br\/index.php\/wp-json\/wp\/v2\/types\/post"}],"author":[{"embeddable":true,"href":"https:\/\/www.portalalerta.com.br\/index.php\/wp-json\/wp\/v2\/users\/2"}],"replies":[{"embeddable":true,"href":"https:\/\/www.portalalerta.com.br\/index.php\/wp-json\/wp\/v2\/comments?post=50336"}],"version-history":[{"count":1,"href":"https:\/\/www.portalalerta.com.br\/index.php\/wp-json\/wp\/v2\/posts\/50336\/revisions"}],"predecessor-version":[{"id":50337,"href":"https:\/\/www.portalalerta.com.br\/index.php\/wp-json\/wp\/v2\/posts\/50336\/revisions\/50337"}],"wp:featuredmedia":[{"embeddable":true,"href":"https:\/\/www.portalalerta.com.br\/index.php\/wp-json\/wp\/v2\/media\/49642"}],"wp:attachment":[{"href":"https:\/\/www.portalalerta.com.br\/index.php\/wp-json\/wp\/v2\/media?parent=50336"}],"wp:term":[{"taxonomy":"category","embeddable":true,"href":"https:\/\/www.portalalerta.com.br\/index.php\/wp-json\/wp\/v2\/categories?post=50336"},{"taxonomy":"post_tag","embeddable":true,"href":"https:\/\/www.portalalerta.com.br\/index.php\/wp-json\/wp\/v2\/tags?post=50336"}],"curies":[{"name":"wp","href":"https:\/\/api.w.org\/{rel}","templated":true}]}}