{"id":50486,"date":"2023-08-11T22:48:04","date_gmt":"2023-08-12T01:48:04","guid":{"rendered":"https:\/\/www.portalalerta.com.br\/?p=50486"},"modified":"2023-08-11T22:48:06","modified_gmt":"2023-08-12T01:48:06","slug":"escriva-do-forum-de-paulo-afonso-e-demitida-a-bem-do-servico-publico-servidora-e-acusada-de-fraude-processual","status":"publish","type":"post","link":"https:\/\/www.portalalerta.com.br\/index.php\/2023\/08\/11\/escriva-do-forum-de-paulo-afonso-e-demitida-a-bem-do-servico-publico-servidora-e-acusada-de-fraude-processual\/","title":{"rendered":"Escriv\u00e3 do F\u00f3rum de Paulo Afonso \u00e9 demitida \u201ca bem do servi\u00e7o p\u00fablico\u201d; servidora \u00e9 acusada de fraude processual"},"content":{"rendered":"\n<p>A presid\u00eancia do Tribunal de Justi\u00e7a da Bahia (TJ-BA) autorizou a demiss\u00e3o de uma escriv\u00e3 atuante na comarca de Paulo Afonso, cidade localizada na divisa da Bahia com Sergipe, <strong><em>\u201ca bem do servi\u00e7o p\u00fablico\u201d<\/em><\/strong>. Jeane Maria Silva de Melo \u00e9 acusada de cometer fraude processual. O decreto foi publicado nesta quinta-feira (10).<\/p>\n\n\n\n<!--more-->\n\n\n\n<p>A demiss\u00e3o \u00e9 resultado de processo administrativo disciplinar (PAD) instaurado pela Corregedoria-Geral de Justi\u00e7a (CGJ), \u00e0 \u00e9poca comandada pelo desembargador Jos\u00e9 Alfredo Cerqueira da Silva, para apurar suposta conduta infracional da servidora na confec\u00e7\u00e3o e confer\u00eancia de alvar\u00e1 em processo que tramitava na 1\u00aa Vara C\u00edvel de Paulo Afonso.<\/p>\n\n\n<div class=\"wp-block-image\">\n<figure class=\"alignleft size-full is-resized\"><img fetchpriority=\"high\" decoding=\"async\" src=\"https:\/\/www.portalalerta.com.br\/wp-content\/uploads\/2021\/04\/ELAB.jpg\" alt=\"\" class=\"wp-image-34795\" width=\"390\" height=\"311\" srcset=\"https:\/\/www.portalalerta.com.br\/wp-content\/uploads\/2021\/04\/ELAB.jpg 1000w, https:\/\/www.portalalerta.com.br\/wp-content\/uploads\/2021\/04\/ELAB-300x240.jpg 300w, https:\/\/www.portalalerta.com.br\/wp-content\/uploads\/2021\/04\/ELAB-768x614.jpg 768w, https:\/\/www.portalalerta.com.br\/wp-content\/uploads\/2021\/04\/ELAB-183x146.jpg 183w, https:\/\/www.portalalerta.com.br\/wp-content\/uploads\/2021\/04\/ELAB-50x40.jpg 50w, https:\/\/www.portalalerta.com.br\/wp-content\/uploads\/2021\/04\/ELAB-94x75.jpg 94w\" sizes=\"(max-width: 390px) 100vw, 390px\" \/><\/figure><\/div>\n\n\n<p>Segundo o PAD, em 5 de fevereiro de 2019, foi juntada c\u00f3pia de um alvar\u00e1 a um processo de execu\u00e7\u00e3o de t\u00edtulo judicial, expedido fora do sistema, autorizando a parte autora ou seu advogado a levantar a quantia de R$ 11.715,36 em uma conta judicial.<\/p>\n\n\n\n<p>O atual corregedor-geral, Jos\u00e9 Edivaldo Rocha Rotondano, sinaliza que ao analisar a narrativa apresentada nos interrogat\u00f3rios, constatou-se que o pedido de expedi\u00e7\u00e3o do alvar\u00e1 foi, inicialmente, feito pelo advogado Alexandre de Souza Almeida, filho do juiz titular da vara na \u00e9poca \u2013 Rosalino dos Santos Almeida, aposentado compulsoriamente pelo TJ-BA \u2013 por meio de uma anota\u00e7\u00e3o manuscrita, sendo posteriormente ratificado pela escriv\u00e3 para a respectiva confec\u00e7\u00e3o.<\/p>\n\n\n\n<p>No ac\u00f3rd\u00e3o, publicado em 15 de fevereiro, Rotondano afirma que <strong><em>\u201co alvar\u00e1 foi expedido de forma aleat\u00f3ria nos autos, inexistindo qualquer ordem judicial pr\u00e9via para tanto, al\u00e9m de ser consignado valor totalmente divergente do montante depositado em ju\u00edzo\u201d<\/em><\/strong>.<\/p>\n\n\n\n<p><strong><em>\u201cSoma-se a isso o fato da interfer\u00eancia do filho do magistrado no procedimento, circunst\u00e2ncia essa que deveria causar, ao menos, estranheza \u00e0 servidora e um maior cuidado na expedi\u00e7\u00e3o de um documento que, como se sabe, serve para o levantamento de quantia pecuni\u00e1ria em desfavor da parte r\u00e9\u201d<\/em><\/strong>, complementou o corregedor-geral.<\/p>\n\n\n\n<p>A exist\u00eancia de fortes ind\u00edcios de fraude nas procura\u00e7\u00f5es juntadas foi percebida pelo atual juiz titular da 1\u00aa Vara C\u00edvel de Paulo Afonso, Paulo Ramalho Pessoa de Andrade Campos Neto. O magistrado determinou a anula\u00e7\u00e3o da medida liminar e do alvar\u00e1 judicial, com ordem de devolu\u00e7\u00e3o do valor levantado pela parte autora, atrav\u00e9s do seu advogado.<\/p>\n\n\n\n<p>De acordo com a CGJ, a servidora tem em seu hist\u00f3rico funcional nove expedientes disciplinares, sendo um deles j\u00e1 finalizado com pena de suspens\u00e3o de 90 dias, al\u00e9m de ac\u00f3rd\u00e3o do Conselho da Magistratura aplicando pena de demiss\u00e3o.<\/p>\n\n\n\n<p><em>Fonte: Ozildo Alves<\/em><\/p>\n","protected":false},"excerpt":{"rendered":"<p>A presid\u00eancia do Tribunal de Justi\u00e7a da Bahia (TJ-BA) autorizou a demiss\u00e3o de uma escriv\u00e3 atuante na comarca de Paulo Afonso, cidade localizada na divisa da Bahia com Sergipe, \u201ca bem do servi\u00e7o p\u00fablico\u201d. Jeane Maria Silva de Melo \u00e9 acusada de cometer fraude processual. O decreto foi publicado nesta quinta-feira (10).<\/p>\n","protected":false},"author":2,"featured_media":50487,"comment_status":"open","ping_status":"open","sticky":false,"template":"","format":"standard","meta":{"om_disable_all_campaigns":false,"_monsterinsights_skip_tracking":false,"_monsterinsights_sitenote_active":false,"_monsterinsights_sitenote_note":"","_monsterinsights_sitenote_category":0,"footnotes":""},"categories":[33,70,69],"tags":[100,71,48,54,75,4178,4180,616,129,107,3217,4181,132,230,106,203,120,51,118,109,88,47,111,622],"class_list":["post-50486","post","type-post","status-publish","format-standard","has-post-thumbnail","hentry","category-bahia","category-destaques","category-noticias2","tag-adustina","tag-antas","tag-araci","tag-bahia","tag-cicero-dantas","tag-cipo-2","tag-crisopolis-2","tag-demissao","tag-euclides-da-cunha","tag-fatima","tag-forum","tag-heliopolis-2","tag-itapicuru","tag-jeremoabo","tag-nova-soure","tag-novo-triunfo","tag-olindina","tag-paripiranga","tag-paulo-afonso","tag-quijingue","tag-ribeira-do-amparo","tag-ribeira-do-pombal","tag-sitio-do-quinto","tag-tj-ba"],"aioseo_notices":[],"_links":{"self":[{"href":"https:\/\/www.portalalerta.com.br\/index.php\/wp-json\/wp\/v2\/posts\/50486","targetHints":{"allow":["GET"]}}],"collection":[{"href":"https:\/\/www.portalalerta.com.br\/index.php\/wp-json\/wp\/v2\/posts"}],"about":[{"href":"https:\/\/www.portalalerta.com.br\/index.php\/wp-json\/wp\/v2\/types\/post"}],"author":[{"embeddable":true,"href":"https:\/\/www.portalalerta.com.br\/index.php\/wp-json\/wp\/v2\/users\/2"}],"replies":[{"embeddable":true,"href":"https:\/\/www.portalalerta.com.br\/index.php\/wp-json\/wp\/v2\/comments?post=50486"}],"version-history":[{"count":1,"href":"https:\/\/www.portalalerta.com.br\/index.php\/wp-json\/wp\/v2\/posts\/50486\/revisions"}],"predecessor-version":[{"id":50488,"href":"https:\/\/www.portalalerta.com.br\/index.php\/wp-json\/wp\/v2\/posts\/50486\/revisions\/50488"}],"wp:featuredmedia":[{"embeddable":true,"href":"https:\/\/www.portalalerta.com.br\/index.php\/wp-json\/wp\/v2\/media\/50487"}],"wp:attachment":[{"href":"https:\/\/www.portalalerta.com.br\/index.php\/wp-json\/wp\/v2\/media?parent=50486"}],"wp:term":[{"taxonomy":"category","embeddable":true,"href":"https:\/\/www.portalalerta.com.br\/index.php\/wp-json\/wp\/v2\/categories?post=50486"},{"taxonomy":"post_tag","embeddable":true,"href":"https:\/\/www.portalalerta.com.br\/index.php\/wp-json\/wp\/v2\/tags?post=50486"}],"curies":[{"name":"wp","href":"https:\/\/api.w.org\/{rel}","templated":true}]}}