{"id":50534,"date":"2023-08-15T11:01:00","date_gmt":"2023-08-15T14:01:00","guid":{"rendered":"https:\/\/www.portalalerta.com.br\/?p=50534"},"modified":"2023-08-14T22:26:42","modified_gmt":"2023-08-15T01:26:42","slug":"criminosos-furtam-fios-eletricos-de-casa-no-centro-de-ribeira-do-pombal-ba","status":"publish","type":"post","link":"https:\/\/www.portalalerta.com.br\/index.php\/2023\/08\/15\/criminosos-furtam-fios-eletricos-de-casa-no-centro-de-ribeira-do-pombal-ba\/","title":{"rendered":"Criminosos furtam fios el\u00e9tricos de casa, no centro de Ribeira do Pombal-BA"},"content":{"rendered":"\n<p>Na \u00faltima sexta-feira (11), uma casa situada na Rua S\u00e3o Jos\u00e9, centro de Ribeira do Pombal-BA, foi alvo de criminosos.<\/p>\n\n\n\n<!--more-->\n\n\n\n<p>Na ocasi\u00e3o, a resid\u00eancia que atualmente n\u00e3o se encontra habitada, teve os fios de energia el\u00e9trica furtados. A propriet\u00e1ria da casa foi at\u00e9 a Delegacia de Pol\u00edcia Civil onde registrou a ocorr\u00eancia de furto.<\/p>\n\n\n\n<p>O caso j\u00e1 est\u00e1 sendo investigado.<\/p>\n\n\n\n<p><em>Reda\u00e7\u00e3o: Portal Alerta<\/em><\/p>\n","protected":false},"excerpt":{"rendered":"<p>Na \u00faltima sexta-feira (11), uma casa situada na Rua S\u00e3o Jos\u00e9, centro de Ribeira do Pombal-BA, foi alvo de criminosos.<\/p>\n","protected":false},"author":2,"featured_media":50535,"comment_status":"open","ping_status":"open","sticky":false,"template":"","format":"standard","meta":{"om_disable_all_campaigns":false,"_monsterinsights_skip_tracking":false,"_monsterinsights_sitenote_active":false,"_monsterinsights_sitenote_note":"","_monsterinsights_sitenote_category":0,"footnotes":""},"categories":[70,69,32,3,22],"tags":[100,71,48,75,4178,4180,129,107,85,4181,132,230,106,203,120,51,109,88,47,111],"class_list":["post-50534","post","type-post","status-publish","format-standard","has-post-thumbnail","hentry","category-destaques","category-noticias2","category-regiao","category-ribeira-do-pombal","category-seguranca","tag-adustina","tag-antas","tag-araci","tag-cicero-dantas","tag-cipo-2","tag-crisopolis-2","tag-euclides-da-cunha","tag-fatima","tag-furto","tag-heliopolis-2","tag-itapicuru","tag-jeremoabo","tag-nova-soure","tag-novo-triunfo","tag-olindina","tag-paripiranga","tag-quijingue","tag-ribeira-do-amparo","tag-ribeira-do-pombal","tag-sitio-do-quinto"],"aioseo_notices":[],"_links":{"self":[{"href":"https:\/\/www.portalalerta.com.br\/index.php\/wp-json\/wp\/v2\/posts\/50534","targetHints":{"allow":["GET"]}}],"collection":[{"href":"https:\/\/www.portalalerta.com.br\/index.php\/wp-json\/wp\/v2\/posts"}],"about":[{"href":"https:\/\/www.portalalerta.com.br\/index.php\/wp-json\/wp\/v2\/types\/post"}],"author":[{"embeddable":true,"href":"https:\/\/www.portalalerta.com.br\/index.php\/wp-json\/wp\/v2\/users\/2"}],"replies":[{"embeddable":true,"href":"https:\/\/www.portalalerta.com.br\/index.php\/wp-json\/wp\/v2\/comments?post=50534"}],"version-history":[{"count":1,"href":"https:\/\/www.portalalerta.com.br\/index.php\/wp-json\/wp\/v2\/posts\/50534\/revisions"}],"predecessor-version":[{"id":50536,"href":"https:\/\/www.portalalerta.com.br\/index.php\/wp-json\/wp\/v2\/posts\/50534\/revisions\/50536"}],"wp:featuredmedia":[{"embeddable":true,"href":"https:\/\/www.portalalerta.com.br\/index.php\/wp-json\/wp\/v2\/media\/50535"}],"wp:attachment":[{"href":"https:\/\/www.portalalerta.com.br\/index.php\/wp-json\/wp\/v2\/media?parent=50534"}],"wp:term":[{"taxonomy":"category","embeddable":true,"href":"https:\/\/www.portalalerta.com.br\/index.php\/wp-json\/wp\/v2\/categories?post=50534"},{"taxonomy":"post_tag","embeddable":true,"href":"https:\/\/www.portalalerta.com.br\/index.php\/wp-json\/wp\/v2\/tags?post=50534"}],"curies":[{"name":"wp","href":"https:\/\/api.w.org\/{rel}","templated":true}]}}