{"id":50548,"date":"2023-08-15T16:41:38","date_gmt":"2023-08-15T19:41:38","guid":{"rendered":"https:\/\/www.portalalerta.com.br\/?p=50548"},"modified":"2023-08-15T16:41:41","modified_gmt":"2023-08-15T19:41:41","slug":"agosto-lilas-falta-de-delegacias-especializadas-torna-mais-dificil-o-acolhimento-adequado-as-vitimas-de-violencia-domestica","status":"publish","type":"post","link":"https:\/\/www.portalalerta.com.br\/index.php\/2023\/08\/15\/agosto-lilas-falta-de-delegacias-especializadas-torna-mais-dificil-o-acolhimento-adequado-as-vitimas-de-violencia-domestica\/","title":{"rendered":"Agosto Lil\u00e1s: falta de delegacias especializadas torna mais dif\u00edcil o acolhimento adequado \u00e0s v\u00edtimas de viol\u00eancia dom\u00e9stica"},"content":{"rendered":"\n<p><em>Segundo IBGE, apenas 8,3 % dos munic\u00edpios t\u00eam delegacias especializadas de atendimento&nbsp;\u00e0&nbsp;mulher<\/em>&nbsp;<\/p>\n\n\n\n<!--more-->\n\n\n\n<p>O combate \u00e0 viol\u00eancia contra a mulher&nbsp;\u00e9&nbsp;refor\u00e7ado&nbsp;pelo&nbsp;Agosto&nbsp;Lil\u00e1s,&nbsp;m\u00eas&nbsp;que busca chamar a aten\u00e7\u00e3o da sociedade para o tema. A campanha foi criada em refer\u00eancia \u00e0 Lei Maria da Penha, que&nbsp;neste ano&nbsp;completa 17 anos e surgiu para amparar mulheres v\u00edtimas de v\u00e1rios tipos de viol\u00eancia&nbsp;como f\u00edsica, sexual, psicol\u00f3gica, moral e patrimonial.&nbsp;&nbsp;<\/p>\n\n\n\n<p><strong><em>&#8220;A aus\u00eancia de delegacias especializadas no atendimento \u00e0s v\u00edtimas de viol\u00eancia dom\u00e9stica tamb\u00e9m se&nbsp;configura uma forma de viol\u00eancia.&nbsp;Segundo dados recentes do Instituto Brasileiro de Geografia e Estat\u00edstica (IBGE), apenas 8,3 % dos munic\u00edpios t\u00eam delegacias especializadas de atendimento para a mulher, percentual, portanto, pouco expressivo&#8221;<\/em><\/strong>, alertou a&nbsp;advogada&nbsp;Monaliza&nbsp;Vila&nbsp;Nova,&nbsp;docente do Centro Universit\u00e1rio Ages, institui\u00e7\u00e3o pertencente ao ecossistema \u00c2nima.&nbsp;&nbsp;<\/p>\n\n\n<div class=\"wp-block-image\">\n<figure class=\"alignright size-large is-resized\"><img fetchpriority=\"high\" decoding=\"async\" src=\"https:\/\/www.portalalerta.com.br\/wp-content\/uploads\/2023\/08\/Monaliza-Vila-Nova-823x1024.jpg\" alt=\"\" class=\"wp-image-50549\" width=\"355\" height=\"441\" srcset=\"https:\/\/www.portalalerta.com.br\/wp-content\/uploads\/2023\/08\/Monaliza-Vila-Nova-823x1024.jpg 823w, https:\/\/www.portalalerta.com.br\/wp-content\/uploads\/2023\/08\/Monaliza-Vila-Nova-193x240.jpg 193w, https:\/\/www.portalalerta.com.br\/wp-content\/uploads\/2023\/08\/Monaliza-Vila-Nova-768x955.jpg 768w, https:\/\/www.portalalerta.com.br\/wp-content\/uploads\/2023\/08\/Monaliza-Vila-Nova.jpg 1170w\" sizes=\"(max-width: 355px) 100vw, 355px\" \/><figcaption class=\"wp-element-caption\">Monaliza Vila Nova <\/figcaption><\/figure><\/div>\n\n\n<p>Ainda segundo a advogada, mesmo enfrentando dificuldades funcionais nas especializadas, a aus\u00eancia destes espa\u00e7os&nbsp;torna ainda mais dif\u00edcil o acolhimento e tratamento adequado para as mulheres em situa\u00e7\u00e3o de viol\u00eancia dom\u00e9stica. Sendo assim,&nbsp;pol\u00edticas p\u00fablicas espec\u00edficas precisam ser incentivadas nesta implementa\u00e7\u00e3o mais abrangente.&nbsp;&nbsp;<\/p>\n\n\n\n<p><strong><em>&#8220;Al\u00e9m da falta das delegacias, as v\u00edtimas se deparam&nbsp;ainda com o&nbsp;despreparo dos profissionais que atuam diretamente no atendimento \u00e0 mulher, desde o primeiro contato, at\u00e9 o transcorrer da colheita de informa\u00e7\u00f5es sobre a ocorr\u00eancia e no encaminhamento para a decreta\u00e7\u00e3o das medidas protetivas de urg\u00eancia, bem como no aux\u00edlio para a efic\u00e1cia destas no mundo dos fatos&#8221;<\/em><\/strong>, afirmou.&nbsp;&nbsp;<\/p>\n\n\n\n<p>Esse impasse impacta na desist\u00eancia de&nbsp;noticiar as agress\u00f5es, justamente, pelo relato de outras&nbsp;mulheres, que foram indevidamente tratadas nas delegacias, desencorajadas, culpabilizadas pela agress\u00e3o que sofreram, ainda que na situa\u00e7\u00e3o de v\u00edtimas.&nbsp;e acabaram revivendo um contexto de viol\u00eancia em um ambiente que deveria ser acolhedor e protetivo.&nbsp;<\/p>\n\n\n\n<p><strong><em>&#8220;Infelizmente, a&nbsp;&nbsp;culpabiliza\u00e7\u00e3o das mulheres pela agress\u00e3o sofrida \u00e9 decorrente de uma cultura patriarcal, que contribui para que o ciclo de viol\u00eancia se repita e se d\u00ea de maneira at\u00e9 mesmo naturalizada em comportamentos considerados aceit\u00e1veis socialmente, mas que s\u00e3o estruturalmente violentos e, muitas vezes, velados em forma de&nbsp;&#8216;prote\u00e7\u00e3o e cuidado&#8217;&nbsp;masculinos, bem como pela aus\u00eancia de compreens\u00e3o social de que \u00e0s vezes uma mulher somente se d\u00e1 conta de que est\u00e1 sendo v\u00edtima depois de acontecimentos dr\u00e1sticos&#8221;<\/em><\/strong>, aponta.&nbsp;&nbsp;<\/p>\n\n\n\n<p>Vila Nova destaca que&nbsp;pode&nbsp;haver, muitas vezes, depend\u00eancia emocional e patrimonial do agressor, que pode ser pai dos filhos dessa mulher&nbsp;ou que tem um controle mental significativo sobre ela, atrav\u00e9s do v\u00ednculo afetivo:&nbsp;<strong><em>&#8220;Al\u00e9m disso, admitir que \u00e9 v\u00edtima de viol\u00eancia dom\u00e9stica \u00e9 dif\u00edcil para mulher. Muitas consideram vergonhoso, por n\u00e3o entenderem como foram parar nessa situa\u00e7\u00e3o, que pode acometer qualquer uma de n\u00f3s, independente de grau de instru\u00e7\u00e3o e conhecimento sobre o tema. Reconhecer que \u00e9 v\u00edtima \u00e9 dif\u00edcil, verbalizar isso para pessoas pr\u00f3ximas \u00e9 dif\u00edcil e para autoridades, ainda mais, dada a exposi\u00e7\u00e3o da intimidade que esse relato envolve&#8221;<\/em><\/strong>.&nbsp;&nbsp;<\/p>\n\n\n\n<p>A advogada acrescenta,&nbsp;por fim,&nbsp;que pol\u00edticas p\u00fablicas voltadas para a preven\u00e7\u00e3o e o combate da viol\u00eancia dom\u00e9stica contra a mulher s\u00e3o imprescind\u00edveis, mas, sozinhas,&nbsp;n\u00e3o resolvem o problema.&nbsp;&nbsp;<\/p>\n\n\n\n<p><strong><em>&#8220;Primeiramente, \u00e9 importante que n\u00f3s, mulheres, que temos a real dimens\u00e3o do quanto \u00e9 f\u00e1cil sermos inseridas num contexto de viol\u00eancia dom\u00e9stica, sejamos rede de apoio umas para as outras e n\u00e3o contribuamos ou regozijemos com o infort\u00fanio das outras. A fam\u00edlia, os amigos, a sociedade, al\u00e9m do Estado precisam funcionar tamb\u00e9m como rede de apoio, inclusive, para noticiar os fatos \u00e0s autoridades e para que essa mulher n\u00e3o se sinta desamparada ou sozinha na luta contra a viol\u00eancia&#8221;<\/em><\/strong>,&nbsp;refor\u00e7ou.&nbsp;&nbsp;<\/p>\n\n\n\n<p><strong>Como denunciar?<\/strong>&nbsp;<\/p>\n\n\n\n<p>Atualmente, as mulheres podem se valer da Central de Atendimento \u00e0 Mulher (180, que deve estar 24 horas dispon\u00edvel),&nbsp;delegacias especializadas ou n\u00e3o (qualquer delegacia deve registrar ocorr\u00eancia), Juizados Especializados em Viol\u00eancia Dom\u00e9stica e Familiar contra a Mulher, Centros de Refer\u00eancia de Atendimento \u00e0 Mulher (CRAM), Centros de Refer\u00eancia Especializados de Assist\u00eancia Social (CREAS) e at\u00e9 os n\u00e3o-especializados como os Centros de Refer\u00eancia de Assist\u00eancia Social (CRAS).&nbsp;<\/p>\n\n\n\n<p>Al\u00e9m desses,&nbsp;ainda podem ser acionados&nbsp;as&nbsp;casas&nbsp;abrigo, Defensorias P\u00fablicas,&nbsp;promotorias especializadas ou n\u00e3o,&nbsp;servi\u00e7os de&nbsp;sa\u00fade&nbsp;especializados para o atendimento de casos de&nbsp;viol\u00eancia contra a&nbsp;mulher (que contam com equipe multidisciplinar de psic\u00f3logos, m\u00e9dicos, assistentes sociais, enfermeiros),&nbsp;advogados especialistas ou n\u00e3o.&nbsp;&nbsp;<\/p>\n\n\n\n<p><strong><em>&#8220;Qualquer pessoa pr\u00f3xima ou n\u00e3o que possa auxiliar com informa\u00e7\u00f5es simples que motivem essa mulher a encontrar apoio, prote\u00e7\u00e3o e ajudem a combater esse tipo de pr\u00e1tica&#8221;<\/em><\/strong>&nbsp;completou&nbsp;Monaliza&nbsp;Vila Nova.&nbsp;&nbsp;<\/p>\n\n\n\n<p><em>Reda\u00e7\u00e3o: Grecy Andrade<\/em><\/p>\n\n\n\n<figure class=\"wp-block-image size-full\"><img decoding=\"async\" width=\"800\" height=\"326\" src=\"https:\/\/www.portalalerta.com.br\/wp-content\/uploads\/2023\/08\/Grecy-Andrade.jpg\" alt=\"\" class=\"wp-image-50550\" srcset=\"https:\/\/www.portalalerta.com.br\/wp-content\/uploads\/2023\/08\/Grecy-Andrade.jpg 800w, https:\/\/www.portalalerta.com.br\/wp-content\/uploads\/2023\/08\/Grecy-Andrade-589x240.jpg 589w, https:\/\/www.portalalerta.com.br\/wp-content\/uploads\/2023\/08\/Grecy-Andrade-768x313.jpg 768w\" sizes=\"(max-width: 800px) 100vw, 800px\" \/><\/figure>\n","protected":false},"excerpt":{"rendered":"<p>Segundo IBGE, apenas 8,3 % dos munic\u00edpios t\u00eam delegacias especializadas de atendimento&nbsp;\u00e0&nbsp;mulher&nbsp;<\/p>\n","protected":false},"author":2,"featured_media":50551,"comment_status":"open","ping_status":"open","sticky":false,"template":"","format":"standard","meta":{"om_disable_all_campaigns":false,"_monsterinsights_skip_tracking":false,"_monsterinsights_sitenote_active":false,"_monsterinsights_sitenote_note":"","_monsterinsights_sitenote_category":0,"footnotes":""},"categories":[33,70,69,22],"tags":[100,5573,71,48,54,75,4178,4180,6283,129,107,4181,132,230,106,203,120,51,109,88,47,111,1532],"class_list":["post-50548","post","type-post","status-publish","format-standard","has-post-thumbnail","hentry","category-bahia","category-destaques","category-noticias2","category-seguranca","tag-adustina","tag-agosto-lilas","tag-antas","tag-araci","tag-bahia","tag-cicero-dantas","tag-cipo-2","tag-crisopolis-2","tag-delegacia-da-mulher","tag-euclides-da-cunha","tag-fatima","tag-heliopolis-2","tag-itapicuru","tag-jeremoabo","tag-nova-soure","tag-novo-triunfo","tag-olindina","tag-paripiranga","tag-quijingue","tag-ribeira-do-amparo","tag-ribeira-do-pombal","tag-sitio-do-quinto","tag-violencia-contra-a-mulher"],"aioseo_notices":[],"_links":{"self":[{"href":"https:\/\/www.portalalerta.com.br\/index.php\/wp-json\/wp\/v2\/posts\/50548","targetHints":{"allow":["GET"]}}],"collection":[{"href":"https:\/\/www.portalalerta.com.br\/index.php\/wp-json\/wp\/v2\/posts"}],"about":[{"href":"https:\/\/www.portalalerta.com.br\/index.php\/wp-json\/wp\/v2\/types\/post"}],"author":[{"embeddable":true,"href":"https:\/\/www.portalalerta.com.br\/index.php\/wp-json\/wp\/v2\/users\/2"}],"replies":[{"embeddable":true,"href":"https:\/\/www.portalalerta.com.br\/index.php\/wp-json\/wp\/v2\/comments?post=50548"}],"version-history":[{"count":1,"href":"https:\/\/www.portalalerta.com.br\/index.php\/wp-json\/wp\/v2\/posts\/50548\/revisions"}],"predecessor-version":[{"id":50552,"href":"https:\/\/www.portalalerta.com.br\/index.php\/wp-json\/wp\/v2\/posts\/50548\/revisions\/50552"}],"wp:featuredmedia":[{"embeddable":true,"href":"https:\/\/www.portalalerta.com.br\/index.php\/wp-json\/wp\/v2\/media\/50551"}],"wp:attachment":[{"href":"https:\/\/www.portalalerta.com.br\/index.php\/wp-json\/wp\/v2\/media?parent=50548"}],"wp:term":[{"taxonomy":"category","embeddable":true,"href":"https:\/\/www.portalalerta.com.br\/index.php\/wp-json\/wp\/v2\/categories?post=50548"},{"taxonomy":"post_tag","embeddable":true,"href":"https:\/\/www.portalalerta.com.br\/index.php\/wp-json\/wp\/v2\/tags?post=50548"}],"curies":[{"name":"wp","href":"https:\/\/api.w.org\/{rel}","templated":true}]}}