{"id":50568,"date":"2023-08-16T19:17:11","date_gmt":"2023-08-16T22:17:11","guid":{"rendered":"https:\/\/www.portalalerta.com.br\/?p=50568"},"modified":"2023-08-16T19:17:12","modified_gmt":"2023-08-16T22:17:12","slug":"em-nota-durval-abre-mao-da-presidencia-do-pl-em-ribeira-do-pombal-ba","status":"publish","type":"post","link":"https:\/\/www.portalalerta.com.br\/index.php\/2023\/08\/16\/em-nota-durval-abre-mao-da-presidencia-do-pl-em-ribeira-do-pombal-ba\/","title":{"rendered":"Em Nota, Durval abre m\u00e3o da presid\u00eancia do PL em Ribeira do Pombal-BA"},"content":{"rendered":"\n<p>Em julho do corrente ano, o comerciante pombalense Durval Rocha, aceitou o convite feito pelo presidente Estadual do Partido Liberal, Jo\u00e3o Roma, para presidir a sigla em Ribeira do Pombal-BA. <strong><a href=\"https:\/\/www.portalalerta.com.br\/index.php\/2023\/07\/13\/pl-de-ribeira-do-pombal-ba-tera-novo-presidente\/\">Relembre<\/a><\/strong><\/p>\n\n\n\n<!--more-->\n\n\n\n<p>Depois de grande repercuss\u00e3o na imprensa local, o atual presidente \u201cDuda da Honda\u201d, n\u00e3o se agradou da mudan\u00e7a, e segundo informa\u00e7\u00f5es teria acionado o Deputado Federal Jo\u00e3o Bacelar, que por sua vez demonstrou insatisfa\u00e7\u00e3o junto ao presidente Nacional do partido, Valdemar Costa Neto.<\/p>\n\n\n\n<p>Desde ent\u00e3o, nem Roma, tampouco Durval, voltaram a falar no assunto. J\u00e1 no \u00faltimo final de semana, o sil\u00eancio foi quebrado, tendo em vista que o pombalense publicou uma nota, em que abre m\u00e3o da presid\u00eancia do partido. <strong>Confira:<\/strong><\/p>\n\n\n\n<p><strong><em>\u201cEstive ontem em reuni\u00e3o com o presidente estadual do PL Bahia, ex ministro Jo\u00e3o Roma onde expus os meus pensamentos e os meus projetos para Ribeira do Pombal e como todos sabem existe um conflito pela presid\u00eancia do PL aqui no munic\u00edpio e seguindo a hierarquia e o respeito a todos e em acordo com o presidente Jo\u00e3o Roma que me dar\u00e1 apoio total e irrestrito a minha poss\u00edvel candidatura a vereador entendeu perfeitamente a minha posi\u00e7\u00e3o, e no momento estou abrindo m\u00e3o da presid\u00eancia do diret\u00f3rio municipal e colocando um ponto final nessa quest\u00e3o. Diante m\u00e3o reitero o meu compromisso com partido PL e com os eleitores que defendem as mesmas pautas da liberdade, da justi\u00e7a, do combate a corrup\u00e7\u00e3o e acima de tudo do amor A Deus, a nossa p\u00e1tria e a fam\u00edlia. Brasil acima de tudo, Deus acima de todos. Um forte abra\u00e7o do amigo e pr\u00e9-candidato a vereador por Ribeira do Pombal\u201d<\/em><\/strong>.<\/p>\n\n\n\n<p><em>Reda\u00e7\u00e3o: Portal Alerta<\/em><\/p>\n\n\n\n<p><em>Com informa\u00e7\u00f5es: Joilson Costa<\/em><\/p>\n","protected":false},"excerpt":{"rendered":"<p>Em julho do corrente ano, o comerciante pombalense Durval Rocha, aceitou o convite feito pelo presidente Estadual do Partido Liberal, Jo\u00e3o Roma, para presidir a sigla em Ribeira do Pombal-BA. Relembre<\/p>\n","protected":false},"author":2,"featured_media":49977,"comment_status":"open","ping_status":"open","sticky":false,"template":"","format":"standard","meta":{"om_disable_all_campaigns":false,"_monsterinsights_skip_tracking":false,"_monsterinsights_sitenote_active":false,"_monsterinsights_sitenote_note":"","_monsterinsights_sitenote_category":0,"footnotes":""},"categories":[70,69,21,32,3],"tags":[100,71,48,75,4178,4180,6225,129,107,4181,132,230,106,203,120,51,3391,109,88,47,111],"class_list":["post-50568","post","type-post","status-publish","format-standard","has-post-thumbnail","hentry","category-destaques","category-noticias2","category-politica","category-regiao","category-ribeira-do-pombal","tag-adustina","tag-antas","tag-araci","tag-cicero-dantas","tag-cipo-2","tag-crisopolis-2","tag-durval-rocha","tag-euclides-da-cunha","tag-fatima","tag-heliopolis-2","tag-itapicuru","tag-jeremoabo","tag-nova-soure","tag-novo-triunfo","tag-olindina","tag-paripiranga","tag-pl","tag-quijingue","tag-ribeira-do-amparo","tag-ribeira-do-pombal","tag-sitio-do-quinto"],"aioseo_notices":[],"_links":{"self":[{"href":"https:\/\/www.portalalerta.com.br\/index.php\/wp-json\/wp\/v2\/posts\/50568","targetHints":{"allow":["GET"]}}],"collection":[{"href":"https:\/\/www.portalalerta.com.br\/index.php\/wp-json\/wp\/v2\/posts"}],"about":[{"href":"https:\/\/www.portalalerta.com.br\/index.php\/wp-json\/wp\/v2\/types\/post"}],"author":[{"embeddable":true,"href":"https:\/\/www.portalalerta.com.br\/index.php\/wp-json\/wp\/v2\/users\/2"}],"replies":[{"embeddable":true,"href":"https:\/\/www.portalalerta.com.br\/index.php\/wp-json\/wp\/v2\/comments?post=50568"}],"version-history":[{"count":1,"href":"https:\/\/www.portalalerta.com.br\/index.php\/wp-json\/wp\/v2\/posts\/50568\/revisions"}],"predecessor-version":[{"id":50569,"href":"https:\/\/www.portalalerta.com.br\/index.php\/wp-json\/wp\/v2\/posts\/50568\/revisions\/50569"}],"wp:featuredmedia":[{"embeddable":true,"href":"https:\/\/www.portalalerta.com.br\/index.php\/wp-json\/wp\/v2\/media\/49977"}],"wp:attachment":[{"href":"https:\/\/www.portalalerta.com.br\/index.php\/wp-json\/wp\/v2\/media?parent=50568"}],"wp:term":[{"taxonomy":"category","embeddable":true,"href":"https:\/\/www.portalalerta.com.br\/index.php\/wp-json\/wp\/v2\/categories?post=50568"},{"taxonomy":"post_tag","embeddable":true,"href":"https:\/\/www.portalalerta.com.br\/index.php\/wp-json\/wp\/v2\/tags?post=50568"}],"curies":[{"name":"wp","href":"https:\/\/api.w.org\/{rel}","templated":true}]}}