{"id":50705,"date":"2023-08-23T09:01:00","date_gmt":"2023-08-23T12:01:00","guid":{"rendered":"https:\/\/www.portalalerta.com.br\/?p=50705"},"modified":"2023-08-21T23:35:45","modified_gmt":"2023-08-22T02:35:45","slug":"ufba-alcanca-nota-maxima-no-recredenciamento-do-mec","status":"publish","type":"post","link":"https:\/\/www.portalalerta.com.br\/index.php\/2023\/08\/23\/ufba-alcanca-nota-maxima-no-recredenciamento-do-mec\/","title":{"rendered":"Ufba alcan\u00e7a nota m\u00e1xima no recredenciamento do MEC"},"content":{"rendered":"\n<p>A Universidade Federal da Bahia (Ufba) alcan\u00e7ou o conceito m\u00e1ximo no recredenciamento institucional junto ao Minist\u00e9rio da Educa\u00e7\u00e3o (MEC). Na escala de 1 a 5, a UFBA obteve a nota 4,87, e garantiu pela primeira vez o conceito final 5, atribu\u00eddo a notas acima de 4,5.<\/p>\n\n\n\n<!--more-->\n\n\n<div class=\"wp-block-image\">\n<figure class=\"alignleft size-full\"><img fetchpriority=\"high\" decoding=\"async\" width=\"400\" height=\"300\" src=\"https:\/\/www.portalalerta.com.br\/wp-content\/uploads\/2023\/01\/Auto-Escola-Sonho.jpg\" alt=\"\" class=\"wp-image-47083\" srcset=\"https:\/\/www.portalalerta.com.br\/wp-content\/uploads\/2023\/01\/Auto-Escola-Sonho.jpg 400w, https:\/\/www.portalalerta.com.br\/wp-content\/uploads\/2023\/01\/Auto-Escola-Sonho-320x240.jpg 320w\" sizes=\"(max-width: 400px) 100vw, 400px\" \/><\/figure><\/div>\n\n\n<p>A nota refere-se aos \u00faltimos 3 anos. O \u00faltimo\u00a0recredenciamento aconteceu h\u00e1 12 anos, em 2011,\u00a0no qual a Ufba havia obtido a nota 4.<br><br>O resultado diz respeito a a\u00e7\u00f5es das gest\u00f5es Dora Leal Rosa (2010-2014), Jo\u00e3o Carlos Salles (2014-2022) e do primeiro ano da gest\u00e3o Paulo Miguez (2022-2026).<\/p>\n\n\n\n<p><strong><em>\u201c\u00c9 com imensa alegria e indisfar\u00e7\u00e1vel orgulho que recebemos a not\u00edcia que a Universidade Federal da Bahia obteve a nota m\u00e1xima, cinco, no processo de recredenciamento do INEP\/MEC. Essa nota expressa o compromisso de cada membro dessa comunidade, professores, t\u00e9cnicos administrativos, estudantes, colaboradores terceirizados, com a educa\u00e7\u00e3o inclusiva e de qualidade. \u00c9 um momento de muita alegria, al\u00e9m de reafirma\u00e7\u00e3o de nosso compromisso em fazer da Ufba uma escola de refer\u00eancia, uma casa da cidadania, de defesa da vida, da democracia e da ci\u00eancia. Parab\u00e9ns \u00e0 Ufba!\u201d<\/em><\/strong>, comemorou o reitor Paulo Miguez.<\/p>\n\n\n\n<p><strong>Comiss\u00e3o de avalia\u00e7\u00e3o<\/strong><\/p>\n\n\n\n<p>A comiss\u00e3o de avalia\u00e7\u00e3o externa designada pelo Instituto Nacional de Estudos e Pesquisas Educacionais An\u00edsio Teixeira (INEP) para o processo avaliativo de recredenciamento institucional visitou virtualmente a Ufba de 14 a 16 de agosto.<\/p>\n\n\n\n<p>A avalia\u00e7\u00e3o das Institui\u00e7\u00f5es de Ensino Superior (IES) \u00e9 realizada periodicamente para verificar se as institui\u00e7\u00f5es atendem \u00e0s exig\u00eancias do Minist\u00e9rio e se est\u00e3o aptas a continuar oferecendo cursos superiores e conceder diplomas. As institui\u00e7\u00f5es costumam passar pelo processo de recredenciamento a cada 5 ou 10 anos.<\/p>\n\n\n\n<p>A organiza\u00e7\u00e3o da institui\u00e7\u00e3o e o seu planejamento administrativo e financeiro s\u00e3o verificados na avalia\u00e7\u00e3o, que tem como eixos: Planejamento e Avalia\u00e7\u00e3o Institucional, Desenvolvimento Institucional, Pol\u00edticas Acad\u00eamicas, Pol\u00edticas de Gest\u00e3o e Infraestrutura.<\/p>\n\n\n\n<p><em>Fonte: Correio<\/em><\/p>\n","protected":false},"excerpt":{"rendered":"<p>A Universidade Federal da Bahia (Ufba) alcan\u00e7ou o conceito m\u00e1ximo no recredenciamento institucional junto ao Minist\u00e9rio da Educa\u00e7\u00e3o (MEC). Na escala de 1 a 5, a UFBA obteve a nota 4,87, e garantiu pela primeira vez o conceito final 5, atribu\u00eddo a notas acima de 4,5.<\/p>\n","protected":false},"author":2,"featured_media":2729,"comment_status":"open","ping_status":"open","sticky":false,"template":"","format":"standard","meta":{"om_disable_all_campaigns":false,"_monsterinsights_skip_tracking":false,"_monsterinsights_sitenote_active":false,"_monsterinsights_sitenote_note":"","_monsterinsights_sitenote_category":0,"footnotes":""},"categories":[33,34,70,20,69],"tags":[100,71,48,75,4178,4180,140,129,107,4181,132,230,1437,106,203,120,51,109,88,47,111,379],"class_list":["post-50705","post","type-post","status-publish","format-standard","has-post-thumbnail","hentry","category-bahia","category-brasil","category-destaques","category-educacao","category-noticias2","tag-adustina","tag-antas","tag-araci","tag-cicero-dantas","tag-cipo-2","tag-crisopolis-2","tag-educacao","tag-euclides-da-cunha","tag-fatima","tag-heliopolis-2","tag-itapicuru","tag-jeremoabo","tag-mec","tag-nova-soure","tag-novo-triunfo","tag-olindina","tag-paripiranga","tag-quijingue","tag-ribeira-do-amparo","tag-ribeira-do-pombal","tag-sitio-do-quinto","tag-ufba"],"aioseo_notices":[],"_links":{"self":[{"href":"https:\/\/www.portalalerta.com.br\/index.php\/wp-json\/wp\/v2\/posts\/50705","targetHints":{"allow":["GET"]}}],"collection":[{"href":"https:\/\/www.portalalerta.com.br\/index.php\/wp-json\/wp\/v2\/posts"}],"about":[{"href":"https:\/\/www.portalalerta.com.br\/index.php\/wp-json\/wp\/v2\/types\/post"}],"author":[{"embeddable":true,"href":"https:\/\/www.portalalerta.com.br\/index.php\/wp-json\/wp\/v2\/users\/2"}],"replies":[{"embeddable":true,"href":"https:\/\/www.portalalerta.com.br\/index.php\/wp-json\/wp\/v2\/comments?post=50705"}],"version-history":[{"count":1,"href":"https:\/\/www.portalalerta.com.br\/index.php\/wp-json\/wp\/v2\/posts\/50705\/revisions"}],"predecessor-version":[{"id":50706,"href":"https:\/\/www.portalalerta.com.br\/index.php\/wp-json\/wp\/v2\/posts\/50705\/revisions\/50706"}],"wp:featuredmedia":[{"embeddable":true,"href":"https:\/\/www.portalalerta.com.br\/index.php\/wp-json\/wp\/v2\/media\/2729"}],"wp:attachment":[{"href":"https:\/\/www.portalalerta.com.br\/index.php\/wp-json\/wp\/v2\/media?parent=50705"}],"wp:term":[{"taxonomy":"category","embeddable":true,"href":"https:\/\/www.portalalerta.com.br\/index.php\/wp-json\/wp\/v2\/categories?post=50705"},{"taxonomy":"post_tag","embeddable":true,"href":"https:\/\/www.portalalerta.com.br\/index.php\/wp-json\/wp\/v2\/tags?post=50705"}],"curies":[{"name":"wp","href":"https:\/\/api.w.org\/{rel}","templated":true}]}}