{"id":50804,"date":"2023-08-28T11:02:00","date_gmt":"2023-08-28T14:02:00","guid":{"rendered":"https:\/\/www.portalalerta.com.br\/?p=50804"},"modified":"2023-08-28T01:17:19","modified_gmt":"2023-08-28T04:17:19","slug":"com-leve-recuo-em-agosto-confianca-do-empresariado-baiano-interrompe-trajetoria-de-alta","status":"publish","type":"post","link":"https:\/\/www.portalalerta.com.br\/index.php\/2023\/08\/28\/com-leve-recuo-em-agosto-confianca-do-empresariado-baiano-interrompe-trajetoria-de-alta\/","title":{"rendered":"Com leve recuo em agosto, confian\u00e7a do empresariado baiano interrompe trajet\u00f3ria de alta"},"content":{"rendered":"\n<p>O Indicador de Confian\u00e7a do Empresariado Baiano (ICEB), m\u00e9trica calculada pela Superintend\u00eancia de Estudos Econ\u00f4micos e Sociais da Bahia (SEI) para monitorar as expectativas do setor produtivo do estado, marcou -25 pontos em agosto numa escala que vai de -1.000 a 1.000 pontos. Trata-se da segunda maior pontua\u00e7\u00e3o do ano.&nbsp;&nbsp;<\/p>\n\n\n\n<!--more-->\n\n\n\n<p>Com -25 pontos em agosto, houve recuo do n\u00edvel de confian\u00e7a comparativamente ao m\u00eas imediatamente antecedente e ao mesmo m\u00eas do ano anterior. Quanto a julho, quando o indicador havia sido de -20 pontos, a diminui\u00e7\u00e3o foi de 5 pontos \u2013 interrompendo, assim, a trajet\u00f3ria com tr\u00eas altas seguidas. Em rela\u00e7\u00e3o a agosto do ano passado, houve contra\u00e7\u00e3o de 103 pontos, j\u00e1 que o ICEB havia sido de 78 pontos \u00e0 \u00e9poca.&nbsp;&nbsp;<\/p>\n\n\n<div class=\"wp-block-image\">\n<figure class=\"alignleft size-full is-resized\"><img fetchpriority=\"high\" decoding=\"async\" src=\"https:\/\/www.portalalerta.com.br\/wp-content\/uploads\/2021\/04\/ELAB.jpg\" alt=\"\" class=\"wp-image-34795\" width=\"430\" height=\"343\" srcset=\"https:\/\/www.portalalerta.com.br\/wp-content\/uploads\/2021\/04\/ELAB.jpg 1000w, https:\/\/www.portalalerta.com.br\/wp-content\/uploads\/2021\/04\/ELAB-300x240.jpg 300w, https:\/\/www.portalalerta.com.br\/wp-content\/uploads\/2021\/04\/ELAB-768x614.jpg 768w, https:\/\/www.portalalerta.com.br\/wp-content\/uploads\/2021\/04\/ELAB-183x146.jpg 183w, https:\/\/www.portalalerta.com.br\/wp-content\/uploads\/2021\/04\/ELAB-50x40.jpg 50w, https:\/\/www.portalalerta.com.br\/wp-content\/uploads\/2021\/04\/ELAB-94x75.jpg 94w\" sizes=\"(max-width: 430px) 100vw, 430px\" \/><\/figure><\/div>\n\n\n<p>Entretanto, como sinaliza Luiz Fernando Lobo, integrante t\u00e9cnico da SEI, &#8220;dada sua pequena magnitude, o recuo na margem em agosto significou muito mais uma acomoda\u00e7\u00e3o do que uma revers\u00e3o da trajet\u00f3ria da confian\u00e7a&#8221;. Nesse sentido, Lobo ressalta que &#8220;a perda reiterada de intensidade observada na recupera\u00e7\u00e3o de maio a julho terminou por se confirmar como pren\u00fancio de certo esgotamento desse avan\u00e7o em agosto&#8221;.&nbsp;&nbsp;<\/p>\n\n\n\n<p>Em agosto, ao marcar -25 pontos, o ICEB registrou a d\u00e9cima pontua\u00e7\u00e3o consecutiva abaixo de zero. Al\u00e9m do mais, com uma leve queda na margem, o referido indicador se manteve na zona de&nbsp;<em>Pessimismo<\/em>&nbsp;<em>Moderado<\/em>&nbsp;(intervalo de -250 pontos a 0 ponto) pela d\u00e9cima vez em sequ\u00eancia.&nbsp;&nbsp;<\/p>\n\n\n\n<p>No que se refere aos setores, a contra\u00e7\u00e3o do n\u00edvel de confian\u00e7a de julho a agosto n\u00e3o aconteceu de forma generalizada, visto que n\u00e3o ocorreu em dois dos quatro grupamentos (Agropecu\u00e1ria e Ind\u00fastria, no caso). A queda em rela\u00e7\u00e3o a agosto do ano passado, por outro lado, repercutiu em todas as quatro atividades.&nbsp;&nbsp;<\/p>\n\n\n\n<p>Ao final, em agosto, dois dos setores assinalaram pontua\u00e7\u00e3o superior a zero: a Agropecu\u00e1ria, com 136 pontos; e a Ind\u00fastria, com 11 pontos. As demais pontua\u00e7\u00f5es foram: Servi\u00e7os, -49 pontos; e Com\u00e9rcio, -109 pontos. Dessa forma, o setor agropecu\u00e1rio foi o de melhor resultado pelo segundo m\u00eas seguido, enquanto&nbsp;a atividade de Com\u00e9rcio exp\u00f4s o&nbsp;menor n\u00edvel de confian\u00e7a pela segunda vez consecutiva.&nbsp;&nbsp;<\/p>\n\n\n\n<p>Do conjunto avaliado de temas, os itens&nbsp;<em>cr\u00e9dito<\/em>,&nbsp;<em>capacidade produtiva<\/em>&nbsp;e&nbsp;<em>vendas<\/em>&nbsp;foram aqueles com as piores expectativas do empresariado baiano. Em contrapartida, as vari\u00e1veis&nbsp;<em>juros<\/em>,&nbsp;<em>infla\u00e7\u00e3o<\/em>&nbsp;e&nbsp;<em>PIB nacional<\/em>&nbsp;apresentaram os indicadores de confian\u00e7a em situa\u00e7\u00e3o mais favor\u00e1vel no m\u00eas.&nbsp;&nbsp;<\/p>\n\n\n\n<p>O boletim completo com as an\u00e1lises referentes ao m\u00eas de agosto de 2023 pode ser acessado diretamente do site da SEI&nbsp;<a href=\"http:\/\/www.sei.ba.gov.br\/index.php?option=com_content&amp;view=article&amp;id=621&amp;Itemid=445\" target=\"_blank\" rel=\"noreferrer noopener\">clicando aqui<\/a>.&nbsp;&nbsp;<\/p>\n\n\n\n<p><em>Fonte: SECOM\/ SEI<\/em><\/p>\n","protected":false},"excerpt":{"rendered":"<p>O Indicador de Confian\u00e7a do Empresariado Baiano (ICEB), m\u00e9trica calculada pela Superintend\u00eancia de Estudos Econ\u00f4micos e Sociais da Bahia (SEI) para monitorar as expectativas do setor produtivo do estado, marcou -25 pontos em agosto numa escala que vai de -1.000 a 1.000 pontos. Trata-se da segunda maior pontua\u00e7\u00e3o do ano.&nbsp;&nbsp;<\/p>\n","protected":false},"author":2,"featured_media":50805,"comment_status":"open","ping_status":"open","sticky":false,"template":"","format":"standard","meta":{"om_disable_all_campaigns":false,"_monsterinsights_skip_tracking":false,"_monsterinsights_sitenote_active":false,"_monsterinsights_sitenote_note":"","_monsterinsights_sitenote_category":0,"footnotes":""},"categories":[33,70,69],"tags":[100,71,48,54,75,4178,6313,4180,1667,129,107,4181,132,230,106,203,120,51,109,88,47,111],"class_list":["post-50804","post","type-post","status-publish","format-standard","has-post-thumbnail","hentry","category-bahia","category-destaques","category-noticias2","tag-adustina","tag-antas","tag-araci","tag-bahia","tag-cicero-dantas","tag-cipo-2","tag-confianca","tag-crisopolis-2","tag-empresarios","tag-euclides-da-cunha","tag-fatima","tag-heliopolis-2","tag-itapicuru","tag-jeremoabo","tag-nova-soure","tag-novo-triunfo","tag-olindina","tag-paripiranga","tag-quijingue","tag-ribeira-do-amparo","tag-ribeira-do-pombal","tag-sitio-do-quinto"],"aioseo_notices":[],"_links":{"self":[{"href":"https:\/\/www.portalalerta.com.br\/index.php\/wp-json\/wp\/v2\/posts\/50804","targetHints":{"allow":["GET"]}}],"collection":[{"href":"https:\/\/www.portalalerta.com.br\/index.php\/wp-json\/wp\/v2\/posts"}],"about":[{"href":"https:\/\/www.portalalerta.com.br\/index.php\/wp-json\/wp\/v2\/types\/post"}],"author":[{"embeddable":true,"href":"https:\/\/www.portalalerta.com.br\/index.php\/wp-json\/wp\/v2\/users\/2"}],"replies":[{"embeddable":true,"href":"https:\/\/www.portalalerta.com.br\/index.php\/wp-json\/wp\/v2\/comments?post=50804"}],"version-history":[{"count":1,"href":"https:\/\/www.portalalerta.com.br\/index.php\/wp-json\/wp\/v2\/posts\/50804\/revisions"}],"predecessor-version":[{"id":50806,"href":"https:\/\/www.portalalerta.com.br\/index.php\/wp-json\/wp\/v2\/posts\/50804\/revisions\/50806"}],"wp:featuredmedia":[{"embeddable":true,"href":"https:\/\/www.portalalerta.com.br\/index.php\/wp-json\/wp\/v2\/media\/50805"}],"wp:attachment":[{"href":"https:\/\/www.portalalerta.com.br\/index.php\/wp-json\/wp\/v2\/media?parent=50804"}],"wp:term":[{"taxonomy":"category","embeddable":true,"href":"https:\/\/www.portalalerta.com.br\/index.php\/wp-json\/wp\/v2\/categories?post=50804"},{"taxonomy":"post_tag","embeddable":true,"href":"https:\/\/www.portalalerta.com.br\/index.php\/wp-json\/wp\/v2\/tags?post=50804"}],"curies":[{"name":"wp","href":"https:\/\/api.w.org\/{rel}","templated":true}]}}