{"id":50934,"date":"2023-09-01T23:28:42","date_gmt":"2023-09-02T02:28:42","guid":{"rendered":"https:\/\/www.portalalerta.com.br\/?p=50934"},"modified":"2023-09-01T23:28:44","modified_gmt":"2023-09-02T02:28:44","slug":"criminoso-morre-em-confronto-com-a-policia-em-antas-ba","status":"publish","type":"post","link":"https:\/\/www.portalalerta.com.br\/index.php\/2023\/09\/01\/criminoso-morre-em-confronto-com-a-policia-em-antas-ba\/","title":{"rendered":"Criminoso morre em confronto com a pol\u00edcia em Antas-BA"},"content":{"rendered":"\n<p>Por volta das 16h30 da \u00faltima quinta-feira (31), policiais militares do 6\u00ba Peot\u00e3o\/ Antas-BA, do Pelot\u00e3o de Emprego T\u00e1tico Operacional (PETO), e da CIPE Nordeste, foram at\u00e9 a Rua Guilherme de Carvalho, no centro de Antas, apurarem uma den\u00fancia, em que apontava a presen\u00e7a de criminosos, que estariam ostentando armas de fogo, ao tempo em que traficavam entorpecentes.<\/p>\n\n\n\n<!--more-->\n\n\n\n<p>Assim que chegaram ao local, os policiais foram surpreendidos por tr\u00eas criminosos que passaram a efetuar disparos de arma de fogo em dire\u00e7\u00e3o aos policiais, que revidaram, gerando assim o confronto. Dois dos traficantes conseguiram fugir, por\u00e9m Ermerson Soares dos Reis, 22 anos, n\u00e3o teve a mesma sorte, j\u00e1 que foi alvejado, ficando gravemente ferido. Ermerson chegou a ser socorrido para o Hospital Santa Maria, por\u00e9m n\u00e3o resistiu e evoluiu a \u00f3bito.<\/p>\n\n\n\n<p>Com o criminoso, os policiais encontraram: <strong>01 rev\u00f3lver cal. 38 contendo 06 muni\u00e7\u00f5es, sendo quatro deflagradas e duas intactas; 03 papelotes contendo coca\u00edna; e 16 trouxinhas contendo maconha.<\/strong><\/p>\n\n\n<div class=\"wp-block-image\">\n<figure class=\"aligncenter size-full\"><img fetchpriority=\"high\" decoding=\"async\" width=\"400\" height=\"350\" src=\"https:\/\/www.portalalerta.com.br\/wp-content\/uploads\/2023\/09\/confronto-em-Antas-2023.1.jpg\" alt=\"\" class=\"wp-image-50935\" srcset=\"https:\/\/www.portalalerta.com.br\/wp-content\/uploads\/2023\/09\/confronto-em-Antas-2023.1.jpg 400w, https:\/\/www.portalalerta.com.br\/wp-content\/uploads\/2023\/09\/confronto-em-Antas-2023.1-274x240.jpg 274w\" sizes=\"(max-width: 400px) 100vw, 400px\" \/><figcaption class=\"wp-element-caption\">Ermerson<\/figcaption><\/figure><\/div>\n\n\n<p>Todo o material foi apresentado na Delegacia de Pol\u00edcia Civil da cidade, onde o caso foi apresentado.<\/p>\n\n\n\n<p><em>Reda\u00e7\u00e3o: Portal Alerta<\/em><\/p>\n","protected":false},"excerpt":{"rendered":"<p>Por volta das 16h30 da \u00faltima quinta-feira (31), policiais militares do 6\u00ba Peot\u00e3o\/ Antas-BA, do Pelot\u00e3o de Emprego T\u00e1tico Operacional (PETO), e da CIPE Nordeste, foram at\u00e9 a Rua Guilherme de Carvalho, no centro de Antas, apurarem uma den\u00fancia, em que apontava a presen\u00e7a de criminosos, que estariam ostentando armas de fogo, ao tempo em &hellip;<\/p>\n","protected":false},"author":2,"featured_media":50936,"comment_status":"open","ping_status":"open","sticky":false,"template":"","format":"standard","meta":{"om_disable_all_campaigns":false,"_monsterinsights_skip_tracking":false,"_monsterinsights_sitenote_active":false,"_monsterinsights_sitenote_note":"","_monsterinsights_sitenote_category":0,"footnotes":""},"categories":[5,70,69,32,22],"tags":[182,100,71,48,75,167,4178,178,4180,129,107,4181,132,230,106,203,120,51,245,79,109,88,47,111,76,190],"class_list":["post-50934","post","type-post","status-publish","format-standard","has-post-thumbnail","hentry","category-antas","category-destaques","category-noticias2","category-regiao","category-seguranca","tag-21a-cipm","tag-adustina","tag-antas","tag-araci","tag-cicero-dantas","tag-cipe-nordeste","tag-cipo-2","tag-confronto","tag-crisopolis-2","tag-euclides-da-cunha","tag-fatima","tag-heliopolis-2","tag-itapicuru","tag-jeremoabo","tag-nova-soure","tag-novo-triunfo","tag-olindina","tag-paripiranga","tag-peto","tag-policia-militar","tag-quijingue","tag-ribeira-do-amparo","tag-ribeira-do-pombal","tag-sitio-do-quinto","tag-trafico-de-drogas","tag-tucano"],"aioseo_notices":[],"_links":{"self":[{"href":"https:\/\/www.portalalerta.com.br\/index.php\/wp-json\/wp\/v2\/posts\/50934","targetHints":{"allow":["GET"]}}],"collection":[{"href":"https:\/\/www.portalalerta.com.br\/index.php\/wp-json\/wp\/v2\/posts"}],"about":[{"href":"https:\/\/www.portalalerta.com.br\/index.php\/wp-json\/wp\/v2\/types\/post"}],"author":[{"embeddable":true,"href":"https:\/\/www.portalalerta.com.br\/index.php\/wp-json\/wp\/v2\/users\/2"}],"replies":[{"embeddable":true,"href":"https:\/\/www.portalalerta.com.br\/index.php\/wp-json\/wp\/v2\/comments?post=50934"}],"version-history":[{"count":1,"href":"https:\/\/www.portalalerta.com.br\/index.php\/wp-json\/wp\/v2\/posts\/50934\/revisions"}],"predecessor-version":[{"id":50937,"href":"https:\/\/www.portalalerta.com.br\/index.php\/wp-json\/wp\/v2\/posts\/50934\/revisions\/50937"}],"wp:featuredmedia":[{"embeddable":true,"href":"https:\/\/www.portalalerta.com.br\/index.php\/wp-json\/wp\/v2\/media\/50936"}],"wp:attachment":[{"href":"https:\/\/www.portalalerta.com.br\/index.php\/wp-json\/wp\/v2\/media?parent=50934"}],"wp:term":[{"taxonomy":"category","embeddable":true,"href":"https:\/\/www.portalalerta.com.br\/index.php\/wp-json\/wp\/v2\/categories?post=50934"},{"taxonomy":"post_tag","embeddable":true,"href":"https:\/\/www.portalalerta.com.br\/index.php\/wp-json\/wp\/v2\/tags?post=50934"}],"curies":[{"name":"wp","href":"https:\/\/api.w.org\/{rel}","templated":true}]}}