{"id":50956,"date":"2023-09-05T07:01:00","date_gmt":"2023-09-05T10:01:00","guid":{"rendered":"https:\/\/www.portalalerta.com.br\/?p=50956"},"modified":"2023-09-05T01:17:15","modified_gmt":"2023-09-05T04:17:15","slug":"acidente-com-moto-na-br-235-deixa-nova-vitima-em-jeremoabo-ba","status":"publish","type":"post","link":"https:\/\/www.portalalerta.com.br\/index.php\/2023\/09\/05\/acidente-com-moto-na-br-235-deixa-nova-vitima-em-jeremoabo-ba\/","title":{"rendered":"Acidente com moto na BR 235 deixa nova v\u00edtima em Jeremoabo-BA"},"content":{"rendered":"\n<p>A BR 235, em Jeremoabo-BA, voltou a ser palco de mais uma trag\u00e9dia. Desta vez, o acidente aconteceu na noite do \u00faltimo s\u00e1bado (02), nas proximidades do povoado V\u00e1rzea Grande, tendo como v\u00edtima Juben\u00e1rio Fernandes da Silva, 54 anos.<\/p>\n\n\n\n<!--more-->\n\n\n\n<p>De acordo com informa\u00e7\u00f5es, Juben\u00e1rio pilotava uma moto Honda XRE, com placa policia PRN 3471, quando colidiu com outra moto que estaria parada na rodovia. Com o impacto, o condutor da moto foi lan\u00e7ado a uma dist\u00e2ncia significativa, chocando a cabe\u00e7a no asfalto, tendo o seu \u00f3bito constatado ainda no local. Uma mulher de 34 anos, que estava como passageira da outra moto, fraturou uma das pernas, sendo socorrida para o Hospital local. J\u00e1 o condutor do segundo ve\u00edculo, fugiu para um destino ignorado.<\/p>\n\n\n\n<p>Juben\u00e1rio foi sepultado nesta segunda-feira (04), no Cemit\u00e9rio SECOF, no referido munic\u00edpio.<\/p>\n\n\n\n<p><em>Reda\u00e7\u00e3o: Portal Alerta<\/em><\/p>\n\n\n\n<p><em>Com informa\u00e7\u00f5es: Jeremoabo.com.br<\/em><\/p>\n","protected":false},"excerpt":{"rendered":"<p>A BR 235, em Jeremoabo-BA, voltou a ser palco de mais uma trag\u00e9dia. Desta vez, o acidente aconteceu na noite do \u00faltimo s\u00e1bado (02), nas proximidades do povoado V\u00e1rzea Grande, tendo como v\u00edtima Juben\u00e1rio Fernandes da Silva, 54 anos.<\/p>\n","protected":false},"author":2,"featured_media":3579,"comment_status":"open","ping_status":"open","sticky":false,"template":"","format":"standard","meta":{"om_disable_all_campaigns":false,"_monsterinsights_skip_tracking":false,"_monsterinsights_sitenote_active":false,"_monsterinsights_sitenote_note":"","_monsterinsights_sitenote_category":0,"footnotes":""},"categories":[70,9,69,32],"tags":[166,100,71,48,1393,75,4178,4180,129,107,4181,132,230,169,106,203,120,51,109,88,47,111],"class_list":["post-50956","post","type-post","status-publish","format-standard","has-post-thumbnail","hentry","category-destaques","category-jeremoabo","category-noticias2","category-regiao","tag-acidente","tag-adustina","tag-antas","tag-araci","tag-br-235","tag-cicero-dantas","tag-cipo-2","tag-crisopolis-2","tag-euclides-da-cunha","tag-fatima","tag-heliopolis-2","tag-itapicuru","tag-jeremoabo","tag-morte","tag-nova-soure","tag-novo-triunfo","tag-olindina","tag-paripiranga","tag-quijingue","tag-ribeira-do-amparo","tag-ribeira-do-pombal","tag-sitio-do-quinto"],"aioseo_notices":[],"_links":{"self":[{"href":"https:\/\/www.portalalerta.com.br\/index.php\/wp-json\/wp\/v2\/posts\/50956","targetHints":{"allow":["GET"]}}],"collection":[{"href":"https:\/\/www.portalalerta.com.br\/index.php\/wp-json\/wp\/v2\/posts"}],"about":[{"href":"https:\/\/www.portalalerta.com.br\/index.php\/wp-json\/wp\/v2\/types\/post"}],"author":[{"embeddable":true,"href":"https:\/\/www.portalalerta.com.br\/index.php\/wp-json\/wp\/v2\/users\/2"}],"replies":[{"embeddable":true,"href":"https:\/\/www.portalalerta.com.br\/index.php\/wp-json\/wp\/v2\/comments?post=50956"}],"version-history":[{"count":1,"href":"https:\/\/www.portalalerta.com.br\/index.php\/wp-json\/wp\/v2\/posts\/50956\/revisions"}],"predecessor-version":[{"id":50957,"href":"https:\/\/www.portalalerta.com.br\/index.php\/wp-json\/wp\/v2\/posts\/50956\/revisions\/50957"}],"wp:featuredmedia":[{"embeddable":true,"href":"https:\/\/www.portalalerta.com.br\/index.php\/wp-json\/wp\/v2\/media\/3579"}],"wp:attachment":[{"href":"https:\/\/www.portalalerta.com.br\/index.php\/wp-json\/wp\/v2\/media?parent=50956"}],"wp:term":[{"taxonomy":"category","embeddable":true,"href":"https:\/\/www.portalalerta.com.br\/index.php\/wp-json\/wp\/v2\/categories?post=50956"},{"taxonomy":"post_tag","embeddable":true,"href":"https:\/\/www.portalalerta.com.br\/index.php\/wp-json\/wp\/v2\/tags?post=50956"}],"curies":[{"name":"wp","href":"https:\/\/api.w.org\/{rel}","templated":true}]}}