{"id":51049,"date":"2023-09-11T07:01:00","date_gmt":"2023-09-11T10:01:00","guid":{"rendered":"https:\/\/www.portalalerta.com.br\/?p=51049"},"modified":"2023-09-11T00:21:46","modified_gmt":"2023-09-11T03:21:46","slug":"setembro-amarelo-e-tema-de-roda-de-conversa-na-unex","status":"publish","type":"post","link":"https:\/\/www.portalalerta.com.br\/index.php\/2023\/09\/11\/setembro-amarelo-e-tema-de-roda-de-conversa-na-unex\/","title":{"rendered":"Setembro Amarelo \u00e9 tema de roda de conversa na Unex"},"content":{"rendered":"\n<p><em>Evento gratuito acontece no audit\u00f3rio da institui\u00e7\u00e3o feirense na pr\u00f3xima quinta-feira (14)<\/em><\/p>\n\n\n\n<!--more-->\n\n\n\n<p>Em um esfor\u00e7o cont\u00ednuo para conscientizar sobre a preven\u00e7\u00e3o do suic\u00eddio e promover a import\u00e2ncia da sa\u00fade mental, o m\u00eas de setembro traz o evento &#8220;Setembro Amarelo&#8221; em todo o mundo. Diante do conte\u00fado discutido no m\u00eas, o Centro Universit\u00e1rio de Excel\u00eancia &#8211; Unex, em Feira de Santana, promove uma roda de conversa de grande relev\u00e2ncia a ocorrer no dia 14 de setembro, a partir das 19h, no audit\u00f3rio da institui\u00e7\u00e3o. O encontro acontece de forma gratuita e com inscri\u00e7\u00f5es atrav\u00e9s do link<a href=\"https:\/\/unif.tc\/SetembroAmarelo\" target=\"_blank\" rel=\"noreferrer noopener\">&nbsp;https:\/\/unif.tc\/SetembroAmarelo<\/a>&nbsp;.<\/p>\n\n\n\n<p>O evento intitulado &#8220;Pe\u00e7a Ajuda! Seja Ajuda! Escolha a Vida!&#8221; visa trazer \u00e0 tona discuss\u00f5es cruciais sobre a sa\u00fade emocional, autocuidado, preserva\u00e7\u00e3o da sa\u00fade mental e emocional e a import\u00e2ncia de buscar apoio em momentos de dificuldade emocional. A iniciativa \u00e9 um esfor\u00e7o conjunto de profissionais de sa\u00fade mental e da comunidade acad\u00eamica.<\/p>\n\n\n<div class=\"wp-block-image\">\n<figure class=\"alignleft size-full is-resized\"><img fetchpriority=\"high\" decoding=\"async\" src=\"https:\/\/www.portalalerta.com.br\/wp-content\/uploads\/2021\/04\/ELAB.jpg\" alt=\"\" class=\"wp-image-34795\" width=\"414\" height=\"330\" srcset=\"https:\/\/www.portalalerta.com.br\/wp-content\/uploads\/2021\/04\/ELAB.jpg 1000w, https:\/\/www.portalalerta.com.br\/wp-content\/uploads\/2021\/04\/ELAB-300x240.jpg 300w, https:\/\/www.portalalerta.com.br\/wp-content\/uploads\/2021\/04\/ELAB-768x614.jpg 768w, https:\/\/www.portalalerta.com.br\/wp-content\/uploads\/2021\/04\/ELAB-183x146.jpg 183w, https:\/\/www.portalalerta.com.br\/wp-content\/uploads\/2021\/04\/ELAB-50x40.jpg 50w, https:\/\/www.portalalerta.com.br\/wp-content\/uploads\/2021\/04\/ELAB-94x75.jpg 94w\" sizes=\"(max-width: 414px) 100vw, 414px\" \/><\/figure><\/div>\n\n\n<p>Destacando a import\u00e2ncia do evento, a roda de conversa contar\u00e1 com a participa\u00e7\u00e3o de renomadas profissionais da \u00e1rea da sa\u00fade mental. A psic\u00f3loga Maria Ros\u00e1lia Correia, juntamente com as psiquiatras e tamb\u00e9m professoras da Unex, Camille Batista e Maria Izabel Cavalcanti. Cada uma trar\u00e1&nbsp;o seu conhecimento e experi\u00eancias para abordar quest\u00f5es relacionadas \u00e0 sa\u00fade mental, al\u00e9m de fornecer orienta\u00e7\u00f5es sobre como reconhecer os sinais de alerta e compartilhar estrat\u00e9gias eficazes de preven\u00e7\u00e3o do suic\u00eddio.<\/p>\n\n\n\n<p>Organizadora e coordenadora do N\u00facleo de Apoio Psicopedag\u00f3gico do curso de Medicina da Unex, a professora Maria Ros\u00e1lia Correia diz que o momento ser\u00e1 muito importante para todos que participarem. <strong><em>&#8220;Esta \u00e9 uma tem\u00e1tica que ainda \u00e9 pouco discutida. Algumas pessoas evitam falar do assunto e muitos n\u00e3o procuram ajuda por puro preconceito, al\u00e9m de imaginar o que as outras pessoas v\u00e3o pensar a esse respeito. O Setembro Amarelo \u00e9 um m\u00eas todo dedicado para a discuss\u00e3o e valoriza\u00e7\u00e3o \u00e0 vida e estamos sempre \u00e0 disposi\u00e7\u00e3o para ajudar a todos que precisarem&#8221;,<\/em><\/strong> diz a psic\u00f3loga.<\/p>\n\n\n\n<p>A conscientiza\u00e7\u00e3o sobre a sa\u00fade mental \u00e9 fundamental, especialmente em tempos em que o estresse, a ansiedade e as press\u00f5es da vida cotidiana podem afetar profundamente a qualidade de vida das pessoas. Recentemente a Bahia foi citada no&nbsp;Anu\u00e1rio Brasileiro de Seguran\u00e7a P\u00fablica&nbsp;como o&nbsp;estado brasileiro que registrou a maior varia\u00e7\u00e3o na taxa de mortes por suic\u00eddio do Brasil entre 2021 e 2022.<\/p>\n\n\n\n<p>O Setembro Amarelo oferece uma boa oportunidade para que a sociedade possa conhecer, refletir e se unir \u00e0 luta contra o estigma em torno das quest\u00f5es de sa\u00fade mental e promova a empatia, a compreens\u00e3o e o apoio a indiv\u00edduos que enfrentam desafios emocionais.<\/p>\n\n\n\n<p><em>Fonte: UNEX<\/em><\/p>\n","protected":false},"excerpt":{"rendered":"<p>Evento gratuito acontece no audit\u00f3rio da institui\u00e7\u00e3o feirense na pr\u00f3xima quinta-feira (14)<\/p>\n","protected":false},"author":2,"featured_media":51050,"comment_status":"open","ping_status":"open","sticky":false,"template":"","format":"standard","meta":{"om_disable_all_campaigns":false,"_monsterinsights_skip_tracking":false,"_monsterinsights_sitenote_active":false,"_monsterinsights_sitenote_note":"","_monsterinsights_sitenote_category":0,"footnotes":""},"categories":[33,70,20,69,19],"tags":[100,71,48,54,75,4178,4180,129,107,4181,132,230,106,203,120,51,109,88,47,6326,111],"class_list":["post-51049","post","type-post","status-publish","format-standard","has-post-thumbnail","hentry","category-bahia","category-destaques","category-educacao","category-noticias2","category-saude","tag-adustina","tag-antas","tag-araci","tag-bahia","tag-cicero-dantas","tag-cipo-2","tag-crisopolis-2","tag-euclides-da-cunha","tag-fatima","tag-heliopolis-2","tag-itapicuru","tag-jeremoabo","tag-nova-soure","tag-novo-triunfo","tag-olindina","tag-paripiranga","tag-quijingue","tag-ribeira-do-amparo","tag-ribeira-do-pombal","tag-setembro-amarelo","tag-sitio-do-quinto"],"aioseo_notices":[],"_links":{"self":[{"href":"https:\/\/www.portalalerta.com.br\/index.php\/wp-json\/wp\/v2\/posts\/51049","targetHints":{"allow":["GET"]}}],"collection":[{"href":"https:\/\/www.portalalerta.com.br\/index.php\/wp-json\/wp\/v2\/posts"}],"about":[{"href":"https:\/\/www.portalalerta.com.br\/index.php\/wp-json\/wp\/v2\/types\/post"}],"author":[{"embeddable":true,"href":"https:\/\/www.portalalerta.com.br\/index.php\/wp-json\/wp\/v2\/users\/2"}],"replies":[{"embeddable":true,"href":"https:\/\/www.portalalerta.com.br\/index.php\/wp-json\/wp\/v2\/comments?post=51049"}],"version-history":[{"count":1,"href":"https:\/\/www.portalalerta.com.br\/index.php\/wp-json\/wp\/v2\/posts\/51049\/revisions"}],"predecessor-version":[{"id":51051,"href":"https:\/\/www.portalalerta.com.br\/index.php\/wp-json\/wp\/v2\/posts\/51049\/revisions\/51051"}],"wp:featuredmedia":[{"embeddable":true,"href":"https:\/\/www.portalalerta.com.br\/index.php\/wp-json\/wp\/v2\/media\/51050"}],"wp:attachment":[{"href":"https:\/\/www.portalalerta.com.br\/index.php\/wp-json\/wp\/v2\/media?parent=51049"}],"wp:term":[{"taxonomy":"category","embeddable":true,"href":"https:\/\/www.portalalerta.com.br\/index.php\/wp-json\/wp\/v2\/categories?post=51049"},{"taxonomy":"post_tag","embeddable":true,"href":"https:\/\/www.portalalerta.com.br\/index.php\/wp-json\/wp\/v2\/tags?post=51049"}],"curies":[{"name":"wp","href":"https:\/\/api.w.org\/{rel}","templated":true}]}}