{"id":51087,"date":"2023-09-12T09:35:02","date_gmt":"2023-09-12T12:35:02","guid":{"rendered":"https:\/\/www.portalalerta.com.br\/?p=51087"},"modified":"2023-09-12T09:35:04","modified_gmt":"2023-09-12T12:35:04","slug":"procuradores-recorrem-ao-stf-contra-anulacao-de-acordo-de-leniencia-da-odebrecht-por-toffoli","status":"publish","type":"post","link":"https:\/\/www.portalalerta.com.br\/index.php\/2023\/09\/12\/procuradores-recorrem-ao-stf-contra-anulacao-de-acordo-de-leniencia-da-odebrecht-por-toffoli\/","title":{"rendered":"Procuradores recorrem ao STF contra anula\u00e7\u00e3o de acordo de leni\u00eancia da Odebrecht por Toffoli"},"content":{"rendered":"\n<p>Associa\u00e7\u00e3o Nacional de Procuradores da Rep\u00fablica alegou que o ministro do STF &#8220;extrapolou\u201d os limites legais<\/p>\n\n\n\n<!--more-->\n\n\n\n<p>A Associa\u00e7\u00e3o Nacional de Procuradores da Rep\u00fablica (ANPR) apresentou, nesta segunda-feira (11), um recurso ao Supremo Tribunal Federal (STF) contra a decis\u00e3o do ministro Dias Toffoli de anular as provas compiladas no acordo de leni\u00eancia da construtora Odebrecht. A ANPR alegou que Toffoli extrapolou\u201d os limites legais.&nbsp;<\/p>\n\n\n<div class=\"wp-block-image\">\n<figure class=\"alignleft size-full is-resized\"><img fetchpriority=\"high\" decoding=\"async\" src=\"https:\/\/www.portalalerta.com.br\/wp-content\/uploads\/2022\/03\/Cred-Real.1.jpg\" alt=\"\" class=\"wp-image-41523\" width=\"424\" height=\"339\" srcset=\"https:\/\/www.portalalerta.com.br\/wp-content\/uploads\/2022\/03\/Cred-Real.1.jpg 500w, https:\/\/www.portalalerta.com.br\/wp-content\/uploads\/2022\/03\/Cred-Real.1-300x240.jpg 300w, https:\/\/www.portalalerta.com.br\/wp-content\/uploads\/2022\/03\/Cred-Real.1-183x146.jpg 183w, https:\/\/www.portalalerta.com.br\/wp-content\/uploads\/2022\/03\/Cred-Real.1-50x40.jpg 50w, https:\/\/www.portalalerta.com.br\/wp-content\/uploads\/2022\/03\/Cred-Real.1-94x75.jpg 94w\" sizes=\"(max-width: 424px) 100vw, 424px\" \/><\/figure><\/div>\n\n\n<p>A entidade defendeu que o processo julgado de maneira isolada por Toffoli n\u00e3o deveria avan\u00e7ar na dire\u00e7\u00e3o de quest\u00f5es disciplinares. Para a ANPR, somente as inst\u00e2ncias de corre\u00e7\u00e3o do Judici\u00e1rio e do Minist\u00e9rio P\u00fablico teriam condi\u00e7\u00e3o de averiguar se houve desvio na conduta de&nbsp;integrantes da Opera\u00e7\u00e3o Lava Jato.<\/p>\n\n\n\n<p>De acordo com o presidente da entidade, Ubiratan Cazetta, o processo em que o ministro do STF tomou a decis\u00e3o n\u00e3o possibilitou a manifesta\u00e7\u00e3o da Odebrecht, pe\u00e7a chave do caso. <strong><em>\u201cNem mesmo as partes est\u00e3o l\u00e1 [na reclama\u00e7\u00e3o]. Nem mesmo as empresas participaram. A Odebrecht n\u00e3o participou disso para discutir quest\u00f5es\u201d<\/em><\/strong>, afirmou.<\/p>\n\n\n\n<p><strong><em>\u201cA discuss\u00e3o \u00e9: ali h\u00e1 coment\u00e1rios feitos por um julgador, que tem um \u00f4nus argumentativo, mas que n\u00e3o \u00e9 a decis\u00e3o. Queremos reafirmar que a responsabilidade por averiguar a conduta disciplinar de membros do Judici\u00e1rio e do Minist\u00e9rio P\u00fablico \u00e9 do pr\u00f3prio Judici\u00e1rio e do Minist\u00e9rio, n\u00e3o pode ser feita por terceiros\u201d<\/em><\/strong>, concluiu.<\/p>\n\n\n\n<p><em>Fonte: Metro1<\/em><\/p>\n","protected":false},"excerpt":{"rendered":"<p>Associa\u00e7\u00e3o Nacional de Procuradores da Rep\u00fablica alegou que o ministro do STF &#8220;extrapolou\u201d os limites legais<\/p>\n","protected":false},"author":2,"featured_media":9629,"comment_status":"open","ping_status":"open","sticky":false,"template":"","format":"standard","meta":{"om_disable_all_campaigns":false,"_monsterinsights_skip_tracking":false,"_monsterinsights_sitenote_active":false,"_monsterinsights_sitenote_note":"","_monsterinsights_sitenote_category":0,"footnotes":""},"categories":[34,70,69,21],"tags":[6325,100,71,48,93,75,4178,4180,1311,129,107,4181,132,230,303,106,203,237,120,51,199,2865,109,88,47,111,216],"class_list":["post-51087","post","type-post","status-publish","format-standard","has-post-thumbnail","hentry","category-brasil","category-destaques","category-noticias2","category-politica","tag-acordo-de-leniencia","tag-adustina","tag-antas","tag-araci","tag-brasil","tag-cicero-dantas","tag-cipo-2","tag-crisopolis-2","tag-dias-toffoli","tag-euclides-da-cunha","tag-fatima","tag-heliopolis-2","tag-itapicuru","tag-jeremoabo","tag-lula","tag-nova-soure","tag-novo-triunfo","tag-odebrecht","tag-olindina","tag-paripiranga","tag-politica","tag-procuradores","tag-quijingue","tag-ribeira-do-amparo","tag-ribeira-do-pombal","tag-sitio-do-quinto","tag-stf"],"aioseo_notices":[],"_links":{"self":[{"href":"https:\/\/www.portalalerta.com.br\/index.php\/wp-json\/wp\/v2\/posts\/51087","targetHints":{"allow":["GET"]}}],"collection":[{"href":"https:\/\/www.portalalerta.com.br\/index.php\/wp-json\/wp\/v2\/posts"}],"about":[{"href":"https:\/\/www.portalalerta.com.br\/index.php\/wp-json\/wp\/v2\/types\/post"}],"author":[{"embeddable":true,"href":"https:\/\/www.portalalerta.com.br\/index.php\/wp-json\/wp\/v2\/users\/2"}],"replies":[{"embeddable":true,"href":"https:\/\/www.portalalerta.com.br\/index.php\/wp-json\/wp\/v2\/comments?post=51087"}],"version-history":[{"count":1,"href":"https:\/\/www.portalalerta.com.br\/index.php\/wp-json\/wp\/v2\/posts\/51087\/revisions"}],"predecessor-version":[{"id":51088,"href":"https:\/\/www.portalalerta.com.br\/index.php\/wp-json\/wp\/v2\/posts\/51087\/revisions\/51088"}],"wp:featuredmedia":[{"embeddable":true,"href":"https:\/\/www.portalalerta.com.br\/index.php\/wp-json\/wp\/v2\/media\/9629"}],"wp:attachment":[{"href":"https:\/\/www.portalalerta.com.br\/index.php\/wp-json\/wp\/v2\/media?parent=51087"}],"wp:term":[{"taxonomy":"category","embeddable":true,"href":"https:\/\/www.portalalerta.com.br\/index.php\/wp-json\/wp\/v2\/categories?post=51087"},{"taxonomy":"post_tag","embeddable":true,"href":"https:\/\/www.portalalerta.com.br\/index.php\/wp-json\/wp\/v2\/tags?post=51087"}],"curies":[{"name":"wp","href":"https:\/\/api.w.org\/{rel}","templated":true}]}}