{"id":51091,"date":"2023-09-12T15:10:06","date_gmt":"2023-09-12T18:10:06","guid":{"rendered":"https:\/\/www.portalalerta.com.br\/?p=51091"},"modified":"2023-09-12T15:10:08","modified_gmt":"2023-09-12T18:10:08","slug":"2a-edicao-da-corrida-do-sesc-em-ribeira-do-pombal-um-evento-imperdivel-para-os-amantes-do-esporte-e-solidariedade","status":"publish","type":"post","link":"https:\/\/www.portalalerta.com.br\/index.php\/2023\/09\/12\/2a-edicao-da-corrida-do-sesc-em-ribeira-do-pombal-um-evento-imperdivel-para-os-amantes-do-esporte-e-solidariedade\/","title":{"rendered":"2\u00aa Edi\u00e7\u00e3o da Corrida do Sesc em Ribeira do Pombal: Um Evento Imperd\u00edvel para os Amantes do Esporte e Solidariedade"},"content":{"rendered":"\n<p>No dia 17 de setembro de 2023, a cidade de Ribeira do Pombal, na Bahia, ser\u00e1 palco da segunda edi\u00e7\u00e3o do Circuito Sesc de Corridas, um evento esportivo que promete agitar a regi\u00e3o. Promovida pelo Sesc Bahia, com o apoio da Rede Bahia, atrav\u00e9s da sua afiliada TV Bahia, esta edi\u00e7\u00e3o do evento tem como objetivo proporcionar uma experi\u00eancia \u00fanica para corredores e caminhantes de todas as idades, ao mesmo tempo em que contribui para a solidariedade.<\/p>\n\n\n\n<!--more-->\n\n\n\n<p><strong>Percurso para Todos os N\u00edveis<\/strong><\/p>\n\n\n\n<p>O Circuito Sesc de Corridas oferece diferentes percursos para acomodar uma ampla gama de participantes:<\/p>\n\n\n<div class=\"wp-block-image\">\n<figure class=\"alignright size-full is-resized\"><img fetchpriority=\"high\" decoding=\"async\" src=\"https:\/\/www.portalalerta.com.br\/wp-content\/uploads\/2021\/04\/ELAB.jpg\" alt=\"\" class=\"wp-image-34795\" width=\"359\" height=\"286\" srcset=\"https:\/\/www.portalalerta.com.br\/wp-content\/uploads\/2021\/04\/ELAB.jpg 1000w, https:\/\/www.portalalerta.com.br\/wp-content\/uploads\/2021\/04\/ELAB-300x240.jpg 300w, https:\/\/www.portalalerta.com.br\/wp-content\/uploads\/2021\/04\/ELAB-768x614.jpg 768w, https:\/\/www.portalalerta.com.br\/wp-content\/uploads\/2021\/04\/ELAB-183x146.jpg 183w, https:\/\/www.portalalerta.com.br\/wp-content\/uploads\/2021\/04\/ELAB-50x40.jpg 50w, https:\/\/www.portalalerta.com.br\/wp-content\/uploads\/2021\/04\/ELAB-94x75.jpg 94w\" sizes=\"(max-width: 359px) 100vw, 359px\" \/><\/figure><\/div>\n\n\n<p>\u2013 Corrida de 05 km (idade m\u00ednima de 14 anos);<\/p>\n\n\n\n<p>\u2013 Corrida de 10 km (idade m\u00ednima de 18 anos);<\/p>\n\n\n\n<p>\u2013 Caminhada de 03 km (idade livre).<\/p>\n\n\n\n<p>Isso significa que pessoas de todas as idades e n\u00edveis de condicionamento f\u00edsico podem participar e desfrutar deste emocionante evento esportivo.<\/p>\n\n\n\n<p><strong>Regulamento e Inscri\u00e7\u00e3o<\/strong><\/p>\n\n\n\n<p>Para participar, \u00e9 necess\u00e1rio seguir algumas etapas importantes:<\/p>\n\n\n\n<ol class=\"wp-block-list\" type=\"1\">\n<li>Acesse o regulamento completo no site oficial do evento em [<strong><a href=\"http:\/\/www.sescbahia.com.br]\/\">www.sescbahia.com.br]<\/a><\/strong>(www.sescbahia.com.br).<\/li>\n\n\n\n<li>Realize sua pr\u00e9-inscri\u00e7\u00e3o at\u00e9 o dia 14 de setembro de 2023, atrav\u00e9s do site oficial do evento.<\/li>\n<\/ol>\n\n\n\n<p>\u00c9 importante destacar que a pr\u00e9-inscri\u00e7\u00e3o n\u00e3o garante a vaga na corrida. A confirma\u00e7\u00e3o da participa\u00e7\u00e3o ocorrer\u00e1 somente ap\u00f3s a doa\u00e7\u00e3o de alimentos estoc\u00e1veis, por ordem de chegada e de acordo com a disponibilidade de vagas. Os alimentos arrecadados ser\u00e3o destinados a institui\u00e7\u00f5es sociais cadastradas no Programa Mesa Brasil Sesc, beneficiando a comunidade local.<\/p>\n\n\n\n<p>A quantidade de alimentos a ser doada varia de acordo com a categoria do participante:<\/p>\n\n\n\n<p>\u2013 4 kg de alimentos estoc\u00e1veis para pessoas com defici\u00eancia ou a partir de 60 anos;<\/p>\n\n\n\n<p>\u2013 4 kg de alimentos estoc\u00e1veis para trabalhadores do com\u00e9rcio de bens, servi\u00e7os e turismo e seus dependentes com Credencial Sesc v\u00e1lida;<\/p>\n\n\n\n<p>\u2013 8 kg de alimentos estoc\u00e1veis para os demais p\u00fablicos.<\/p>\n\n\n\n<p>As entregas dos alimentos ser\u00e3o realizadas no Complexo Nelson Cardoso \u2013 Secretaria de Esportes de Ribeira do Pombal, localizado na Pra\u00e7a da Juventude, Centro, nos dias 15 de setembro de 2023 (sexta-feira), das 09h \u00e0s 19h, e 16 de setembro de 2023 (s\u00e1bado), das 09h \u00e0s 13h.<\/p>\n\n\n\n<p>Documenta\u00e7\u00e3o Necess\u00e1ria<\/p>\n\n\n\n<p>Lembre-se de levar consigo os seguintes documentos:<\/p>\n\n\n\n<p>\u2013 Documento oficial com foto;<\/p>\n\n\n\n<p>\u2013 Ingresso emitido pelo Sympla (pode ser em formato digital);<\/p>\n\n\n\n<p>\u2013 Se voc\u00ea for trabalhador do com\u00e9rcio de bens, servi\u00e7os e turismo ou dependente, leve tamb\u00e9m a Credencial Sesc atualizada.<\/p>\n\n\n\n<p>Kit do Atleta<\/p>\n\n\n\n<p>O kit do atleta, composto por uma sacola, camiseta, n\u00famero do atleta e chip, poder\u00e1 ser retirado no Complexo Nelson Cardoso nos dias 15 de setembro de 2023 (sexta-feira), das 09h \u00e0s 19h, e 16 de setembro de 2023 (s\u00e1bado), das 09h \u00e0s 13h.<\/p>\n\n\n\n<p>Prepare-se para a Corrida<\/p>\n\n\n\n<p>A concentra\u00e7\u00e3o para a corrida acontecer\u00e1 no dia 17 de setembro de 2023, \u00e0s 06h30, na Pra\u00e7a da Juventude, com largada marcada para as 07h. Para obter mais informa\u00e7\u00f5es sobre o evento, entre em contato atrav\u00e9s do telefone (75 3281-6221) ou pelo e-mail grasieladantas@sescbahia.com.br.<\/p>\n\n\n\n<p>Atividades Paralelas para Toda a Fam\u00edlia<\/p>\n\n\n\n<p>Al\u00e9m das corridas e caminhadas, a arena do evento oferecer\u00e1 atividades gratuitas para o p\u00fablico, tornando o dia ainda mais especial para os participantes e espectadores. Venha se divertir e apoiar essa iniciativa que une esporte e solidariedade em Ribeira do Pombal!<\/p>\n\n\n\n<p><em>Fonte: SECOM\/ Ribeira do Pombal<\/em><\/p>\n","protected":false},"excerpt":{"rendered":"<p>No dia 17 de setembro de 2023, a cidade de Ribeira do Pombal, na Bahia, ser\u00e1 palco da segunda edi\u00e7\u00e3o do Circuito Sesc de Corridas, um evento esportivo que promete agitar a regi\u00e3o. Promovida pelo Sesc Bahia, com o apoio da Rede Bahia, atrav\u00e9s da sua afiliada TV Bahia, esta edi\u00e7\u00e3o do evento tem como &hellip;<\/p>\n","protected":false},"author":2,"featured_media":51092,"comment_status":"open","ping_status":"open","sticky":false,"template":"","format":"standard","meta":{"om_disable_all_campaigns":false,"_monsterinsights_skip_tracking":false,"_monsterinsights_sitenote_active":false,"_monsterinsights_sitenote_note":"","_monsterinsights_sitenote_category":0,"footnotes":""},"categories":[70,2,69,32,3],"tags":[100,71,48,75,4178,3711,4180,129,107,4181,132,230,106,203,120,51,109,88,47,5618,111],"class_list":["post-51091","post","type-post","status-publish","format-standard","has-post-thumbnail","hentry","category-destaques","category-esportes","category-noticias2","category-regiao","category-ribeira-do-pombal","tag-adustina","tag-antas","tag-araci","tag-cicero-dantas","tag-cipo-2","tag-corrida","tag-crisopolis-2","tag-euclides-da-cunha","tag-fatima","tag-heliopolis-2","tag-itapicuru","tag-jeremoabo","tag-nova-soure","tag-novo-triunfo","tag-olindina","tag-paripiranga","tag-quijingue","tag-ribeira-do-amparo","tag-ribeira-do-pombal","tag-sesc","tag-sitio-do-quinto"],"aioseo_notices":[],"_links":{"self":[{"href":"https:\/\/www.portalalerta.com.br\/index.php\/wp-json\/wp\/v2\/posts\/51091","targetHints":{"allow":["GET"]}}],"collection":[{"href":"https:\/\/www.portalalerta.com.br\/index.php\/wp-json\/wp\/v2\/posts"}],"about":[{"href":"https:\/\/www.portalalerta.com.br\/index.php\/wp-json\/wp\/v2\/types\/post"}],"author":[{"embeddable":true,"href":"https:\/\/www.portalalerta.com.br\/index.php\/wp-json\/wp\/v2\/users\/2"}],"replies":[{"embeddable":true,"href":"https:\/\/www.portalalerta.com.br\/index.php\/wp-json\/wp\/v2\/comments?post=51091"}],"version-history":[{"count":1,"href":"https:\/\/www.portalalerta.com.br\/index.php\/wp-json\/wp\/v2\/posts\/51091\/revisions"}],"predecessor-version":[{"id":51093,"href":"https:\/\/www.portalalerta.com.br\/index.php\/wp-json\/wp\/v2\/posts\/51091\/revisions\/51093"}],"wp:featuredmedia":[{"embeddable":true,"href":"https:\/\/www.portalalerta.com.br\/index.php\/wp-json\/wp\/v2\/media\/51092"}],"wp:attachment":[{"href":"https:\/\/www.portalalerta.com.br\/index.php\/wp-json\/wp\/v2\/media?parent=51091"}],"wp:term":[{"taxonomy":"category","embeddable":true,"href":"https:\/\/www.portalalerta.com.br\/index.php\/wp-json\/wp\/v2\/categories?post=51091"},{"taxonomy":"post_tag","embeddable":true,"href":"https:\/\/www.portalalerta.com.br\/index.php\/wp-json\/wp\/v2\/tags?post=51091"}],"curies":[{"name":"wp","href":"https:\/\/api.w.org\/{rel}","templated":true}]}}