{"id":51094,"date":"2023-09-12T15:18:43","date_gmt":"2023-09-12T18:18:43","guid":{"rendered":"https:\/\/www.portalalerta.com.br\/?p=51094"},"modified":"2023-09-12T15:18:47","modified_gmt":"2023-09-12T18:18:47","slug":"investigado-pela-pf-braga-netto-classifica-operacao-como-pescaria-de-provas-dizem-fontes","status":"publish","type":"post","link":"https:\/\/www.portalalerta.com.br\/index.php\/2023\/09\/12\/investigado-pela-pf-braga-netto-classifica-operacao-como-pescaria-de-provas-dizem-fontes\/","title":{"rendered":"Investigado pela PF, Braga Netto classifica opera\u00e7\u00e3o como \u201cpescaria de provas\u201d, dizem fontes"},"content":{"rendered":"\n<p>O general\u00a0Walter Braga Netto, ex-ministro do governo Jair Bolsonaro (PL), classificou como \u201cpescaria\u201d\u00a0a opera\u00e7\u00e3o da Pol\u00edcia Federal que investiga irregularidades na compra de coletes bal\u00edsticos\u00a0para a interven\u00e7\u00e3o no Rio de Janeiro em 2018, segundo interlocutores do militar.<\/p>\n\n\n\n<!--more-->\n\n\n\n<p>O general, que era o interventor \u00e0 \u00e9poca, n\u00e3o \u00e9 alvo de mandado de busca e apreens\u00e3o, mas teve o sigilo telef\u00f4nico quebrado.<\/p>\n\n\n\n<p>Na manh\u00e3 desta ter\u00e7a-feira (12), em conversas reservadas, Braga Netto avaliou que a a\u00e7\u00e3o da PF tem o objetivo de tentar encontrar motivos para incrimin\u00e1-lo.<\/p>\n\n\n<div class=\"wp-block-image\">\n<figure class=\"alignleft size-full\"><img fetchpriority=\"high\" decoding=\"async\" width=\"400\" height=\"300\" src=\"https:\/\/www.portalalerta.com.br\/wp-content\/uploads\/2023\/01\/Auto-Escola-Sonho.jpg\" alt=\"\" class=\"wp-image-47083\" srcset=\"https:\/\/www.portalalerta.com.br\/wp-content\/uploads\/2023\/01\/Auto-Escola-Sonho.jpg 400w, https:\/\/www.portalalerta.com.br\/wp-content\/uploads\/2023\/01\/Auto-Escola-Sonho-320x240.jpg 320w\" sizes=\"(max-width: 400px) 100vw, 400px\" \/><\/figure><\/div>\n\n\n<p>Um dos militares mais pr\u00f3ximos de Bolsonaro, Braga Netto \u00e9 pr\u00e9-candidato \u00e0 prefeitura do Rio nas elei\u00e7\u00f5es de 2024 pelo PL.<\/p>\n\n\n\n<p>O general comp\u00f4s a chapa de Bolsonaro na tentativa frustrada de reelei\u00e7\u00e3o ao Pal\u00e1cio do Planalto. No governo do ex-presidente, foi chefe da Casa Civil e ministro da Defesa.<\/p>\n\n\n\n<p>Ele segue como homem de confian\u00e7a de Bolsonaro e despacha, inclusive, na sede do PL, em Bras\u00edlia.<\/p>\n\n\n\n<p>N\u00e3o \u00e9 a primeira vez que pessoas pr\u00f3ximas a Bolsonaro afirmam que a PF est\u00e1 promovendo uma&nbsp;<em>fishing expedition<\/em>, ou pescaria de provas, numa tradu\u00e7\u00e3o livre para o portugu\u00eas.<\/p>\n\n\n\n<p>O senador Fl\u00e1vio Bolsonaro (PL-RJ) usou o mesmo argumento ao falar sobre a opera\u00e7\u00e3o que apreendeu o celular do ex-ajudante de ordens de seu pai, o tenente-coronel&nbsp;<a href=\"https:\/\/www.cnnbrasil.com.br\/tudo-sobre\/mauro-cid\/\">Mauro Cid<\/a>.<\/p>\n\n\n\n<p>Ao obter acesso \u00e0s comunica\u00e7\u00f5es do militar durante a apura\u00e7\u00e3o sobre registros fraudulentos de vacina\u00e7\u00e3o, os investigadores conseguiram avan\u00e7ar sobre uma s\u00e9rie de outros pontos, como o esc\u00e2ndalo das joias e conversas de cunho golpista.<\/p>\n\n\n\n<p>O argumento de Braga Netto, nesse caso, \u00e9 que a compra dos coletes sem licita\u00e7\u00e3o foi autorizada pelo Tribunal de Contas da Uni\u00e3o (TCU) e o contrato chegou posteriormente a ser cancelado diante de problemas no fornecimento por parte do fabricante estrangeiro.<\/p>\n\n\n\n<p>O general de fato encaminhou consulta ao TCU em 2018 para entender se poderia fazer a aquisi\u00e7\u00e3o de forma direta, portanto sem licita\u00e7\u00e3o, diante da avalia\u00e7\u00e3o que os coletes perderiam a validade e o refor\u00e7o era fundamental para a continuidade das tarefas da interven\u00e7\u00e3o no Rio.<\/p>\n\n\n\n<p>Na ocasi\u00e3o, a Advocacia-geral da Uni\u00e3o foi consultada. Tanto a AGU quanto a \u00e1rea t\u00e9cnica do TCU entenderam que a compra direta poderia ser feita desde que atendidos alguns requisitos.<\/p>\n\n\n\n<p>Entre eles: o diagn\u00f3stico de que se tratava de uma aquisi\u00e7\u00e3o de car\u00e1ter emergencial e o os valores estarem em linha com pre\u00e7os vigentes no mercado.<\/p>\n\n\n\n<p><em>Fonte: CNN<\/em><\/p>\n","protected":false},"excerpt":{"rendered":"<p>O general\u00a0Walter Braga Netto, ex-ministro do governo Jair Bolsonaro (PL), classificou como \u201cpescaria\u201d\u00a0a opera\u00e7\u00e3o da Pol\u00edcia Federal que investiga irregularidades na compra de coletes bal\u00edsticos\u00a0para a interven\u00e7\u00e3o no Rio de Janeiro em 2018, segundo interlocutores do militar.<\/p>\n","protected":false},"author":2,"featured_media":41674,"comment_status":"open","ping_status":"open","sticky":false,"template":"","format":"standard","meta":{"om_disable_all_campaigns":false,"_monsterinsights_skip_tracking":false,"_monsterinsights_sitenote_active":false,"_monsterinsights_sitenote_note":"","_monsterinsights_sitenote_category":0,"footnotes":""},"categories":[34,70,69,21],"tags":[100,71,48,5516,93,75,4178,4180,129,107,3398,4181,298,132,230,106,203,120,51,173,109,88,47,111],"class_list":["post-51094","post","type-post","status-publish","format-standard","has-post-thumbnail","hentry","category-brasil","category-destaques","category-noticias2","category-politica","tag-adustina","tag-antas","tag-araci","tag-braga-netto","tag-brasil","tag-cicero-dantas","tag-cipo-2","tag-crisopolis-2","tag-euclides-da-cunha","tag-fatima","tag-general-braga-netto","tag-heliopolis-2","tag-investigacao","tag-itapicuru","tag-jeremoabo","tag-nova-soure","tag-novo-triunfo","tag-olindina","tag-paripiranga","tag-policia-federal","tag-quijingue","tag-ribeira-do-amparo","tag-ribeira-do-pombal","tag-sitio-do-quinto"],"aioseo_notices":[],"_links":{"self":[{"href":"https:\/\/www.portalalerta.com.br\/index.php\/wp-json\/wp\/v2\/posts\/51094","targetHints":{"allow":["GET"]}}],"collection":[{"href":"https:\/\/www.portalalerta.com.br\/index.php\/wp-json\/wp\/v2\/posts"}],"about":[{"href":"https:\/\/www.portalalerta.com.br\/index.php\/wp-json\/wp\/v2\/types\/post"}],"author":[{"embeddable":true,"href":"https:\/\/www.portalalerta.com.br\/index.php\/wp-json\/wp\/v2\/users\/2"}],"replies":[{"embeddable":true,"href":"https:\/\/www.portalalerta.com.br\/index.php\/wp-json\/wp\/v2\/comments?post=51094"}],"version-history":[{"count":1,"href":"https:\/\/www.portalalerta.com.br\/index.php\/wp-json\/wp\/v2\/posts\/51094\/revisions"}],"predecessor-version":[{"id":51095,"href":"https:\/\/www.portalalerta.com.br\/index.php\/wp-json\/wp\/v2\/posts\/51094\/revisions\/51095"}],"wp:featuredmedia":[{"embeddable":true,"href":"https:\/\/www.portalalerta.com.br\/index.php\/wp-json\/wp\/v2\/media\/41674"}],"wp:attachment":[{"href":"https:\/\/www.portalalerta.com.br\/index.php\/wp-json\/wp\/v2\/media?parent=51094"}],"wp:term":[{"taxonomy":"category","embeddable":true,"href":"https:\/\/www.portalalerta.com.br\/index.php\/wp-json\/wp\/v2\/categories?post=51094"},{"taxonomy":"post_tag","embeddable":true,"href":"https:\/\/www.portalalerta.com.br\/index.php\/wp-json\/wp\/v2\/tags?post=51094"}],"curies":[{"name":"wp","href":"https:\/\/api.w.org\/{rel}","templated":true}]}}