{"id":51096,"date":"2023-09-12T15:28:03","date_gmt":"2023-09-12T18:28:03","guid":{"rendered":"https:\/\/www.portalalerta.com.br\/?p=51096"},"modified":"2023-09-12T15:28:06","modified_gmt":"2023-09-12T18:28:06","slug":"homem-e-preso-por-porte-ilegal-de-arma-de-fogo-em-euclides-da-cunha-ba","status":"publish","type":"post","link":"https:\/\/www.portalalerta.com.br\/index.php\/2023\/09\/12\/homem-e-preso-por-porte-ilegal-de-arma-de-fogo-em-euclides-da-cunha-ba\/","title":{"rendered":"Homem \u00e9 preso por porte ilegal de arma de fogo, em Euclides da Cunha-BA"},"content":{"rendered":"\n<p>Por volta das 19h30 desta segunda-feira (11), policiais civis e militares de Euclides da Cunha-BA, foram at\u00e9 o povoado Tanque da Na\u00e7\u00e3o, com a finalidade de apurarem uma den\u00fancia, que afirmava que dois criminosos estariam a bordo de uma motocicleta de cor vermelha, ostentando armas de fogo.<\/p>\n\n\n\n<!--more-->\n\n\n<div class=\"wp-block-image\">\n<figure class=\"alignleft size-full is-resized\"><img fetchpriority=\"high\" decoding=\"async\" src=\"https:\/\/www.portalalerta.com.br\/wp-content\/uploads\/2022\/03\/Cred-Real.1.jpg\" alt=\"\" class=\"wp-image-41523\" width=\"452\" height=\"362\" srcset=\"https:\/\/www.portalalerta.com.br\/wp-content\/uploads\/2022\/03\/Cred-Real.1.jpg 500w, https:\/\/www.portalalerta.com.br\/wp-content\/uploads\/2022\/03\/Cred-Real.1-300x240.jpg 300w, https:\/\/www.portalalerta.com.br\/wp-content\/uploads\/2022\/03\/Cred-Real.1-183x146.jpg 183w, https:\/\/www.portalalerta.com.br\/wp-content\/uploads\/2022\/03\/Cred-Real.1-50x40.jpg 50w, https:\/\/www.portalalerta.com.br\/wp-content\/uploads\/2022\/03\/Cred-Real.1-94x75.jpg 94w\" sizes=\"(max-width: 452px) 100vw, 452px\" \/><\/figure><\/div>\n\n\n<p>No local, os policiais passaram a realizar buscas, at\u00e9 o momento em que identificaram os suspeitos com caracter\u00edsticas semelhantes \u00e0s da den\u00fancia. Na ocasi\u00e3o, um dos suspeitos conseguiu fugir a bordo do ve\u00edculo, enquanto o outro, identificado pelas iniciais R.G.F.S, foi alcan\u00e7ado e preso pelos policiais, que encontraram sob a posse do criminoso, um rev\u00f3lver cal. 38 com numera\u00e7\u00e3o raspada, bem como um aparelho celular.<\/p>\n\n\n\n<p>O rapaz, bem como a arma de fogo, foi levado para a Delegacia de Pol\u00edcia Civil da cidade, onde foi lavrado o flagrante por Porte Ilegal de Arma de Fogo.<\/p>\n\n\n\n<p><em>Reda\u00e7\u00e3o: Portal Alerta<\/em><\/p>\n","protected":false},"excerpt":{"rendered":"<p>Por volta das 19h30 desta segunda-feira (11), policiais civis e militares de Euclides da Cunha-BA, foram at\u00e9 o povoado Tanque da Na\u00e7\u00e3o, com a finalidade de apurarem uma den\u00fancia, que afirmava que dois criminosos estariam a bordo de uma motocicleta de cor vermelha, ostentando armas de fogo.<\/p>\n","protected":false},"author":2,"featured_media":51097,"comment_status":"open","ping_status":"open","sticky":false,"template":"","format":"standard","meta":{"om_disable_all_campaigns":false,"_monsterinsights_skip_tracking":false,"_monsterinsights_sitenote_active":false,"_monsterinsights_sitenote_note":"","_monsterinsights_sitenote_category":0,"footnotes":""},"categories":[70,17,69,32,22],"tags":[182,387,100,71,48,75,4178,4180,129,107,4181,132,230,106,203,120,51,122,79,4250,77,109,88,47,111],"class_list":["post-51096","post","type-post","status-publish","format-standard","has-post-thumbnail","hentry","category-destaques","category-euclides-da-cunha","category-noticias2","category-regiao","category-seguranca","tag-21a-cipm","tag-5o-bpm","tag-adustina","tag-antas","tag-araci","tag-cicero-dantas","tag-cipo-2","tag-crisopolis-2","tag-euclides-da-cunha","tag-fatima","tag-heliopolis-2","tag-itapicuru","tag-jeremoabo","tag-nova-soure","tag-novo-triunfo","tag-olindina","tag-paripiranga","tag-policia-civil","tag-policia-militar","tag-porte-de-arma-de-fogo","tag-preso","tag-quijingue","tag-ribeira-do-amparo","tag-ribeira-do-pombal","tag-sitio-do-quinto"],"aioseo_notices":[],"_links":{"self":[{"href":"https:\/\/www.portalalerta.com.br\/index.php\/wp-json\/wp\/v2\/posts\/51096","targetHints":{"allow":["GET"]}}],"collection":[{"href":"https:\/\/www.portalalerta.com.br\/index.php\/wp-json\/wp\/v2\/posts"}],"about":[{"href":"https:\/\/www.portalalerta.com.br\/index.php\/wp-json\/wp\/v2\/types\/post"}],"author":[{"embeddable":true,"href":"https:\/\/www.portalalerta.com.br\/index.php\/wp-json\/wp\/v2\/users\/2"}],"replies":[{"embeddable":true,"href":"https:\/\/www.portalalerta.com.br\/index.php\/wp-json\/wp\/v2\/comments?post=51096"}],"version-history":[{"count":1,"href":"https:\/\/www.portalalerta.com.br\/index.php\/wp-json\/wp\/v2\/posts\/51096\/revisions"}],"predecessor-version":[{"id":51098,"href":"https:\/\/www.portalalerta.com.br\/index.php\/wp-json\/wp\/v2\/posts\/51096\/revisions\/51098"}],"wp:featuredmedia":[{"embeddable":true,"href":"https:\/\/www.portalalerta.com.br\/index.php\/wp-json\/wp\/v2\/media\/51097"}],"wp:attachment":[{"href":"https:\/\/www.portalalerta.com.br\/index.php\/wp-json\/wp\/v2\/media?parent=51096"}],"wp:term":[{"taxonomy":"category","embeddable":true,"href":"https:\/\/www.portalalerta.com.br\/index.php\/wp-json\/wp\/v2\/categories?post=51096"},{"taxonomy":"post_tag","embeddable":true,"href":"https:\/\/www.portalalerta.com.br\/index.php\/wp-json\/wp\/v2\/tags?post=51096"}],"curies":[{"name":"wp","href":"https:\/\/api.w.org\/{rel}","templated":true}]}}