{"id":51100,"date":"2023-09-13T07:00:00","date_gmt":"2023-09-13T10:00:00","guid":{"rendered":"https:\/\/www.portalalerta.com.br\/?p=51100"},"modified":"2023-09-12T23:32:22","modified_gmt":"2023-09-13T02:32:22","slug":"comecam-as-inscricoes-para-assentamentos-de-reforma-agraria-em-canudos-ba-e-sitio-do-quinto-ba","status":"publish","type":"post","link":"https:\/\/www.portalalerta.com.br\/index.php\/2023\/09\/13\/comecam-as-inscricoes-para-assentamentos-de-reforma-agraria-em-canudos-ba-e-sitio-do-quinto-ba\/","title":{"rendered":"Come\u00e7am as inscri\u00e7\u00f5es para assentamentos de reforma agr\u00e1ria em Canudos-BA e S\u00edtio do Quinto-BA"},"content":{"rendered":"\n<p>As inscri\u00e7\u00f5es est\u00e3o abertas desde esta ter\u00e7a-feira (12) no munic\u00edpio de Canudos e a partir de quarta-feira (13) em S\u00edtio do Quinto. O objetivo \u00e9 selecionar 50 fam\u00edlias para serem assentadas em lotes de reforma agr\u00e1ria de dois assentamentos implantados pelo Instituto Nacional de Coloniza\u00e7\u00e3o e Reforma Agr\u00e1ria (Incra) na Bahia. A participa\u00e7\u00e3o \u00e9 gratuita.&nbsp;<\/p>\n\n\n\n<!--more-->\n\n\n\n<p>O per\u00edodo de inscri\u00e7\u00f5es vai de 12 a 26 de setembro para o assentamento Jacob Guerra, localizado entre Canudos e Uau\u00e1, que oferece 27 vagas. Os interessados devem se dirigir a Secretaria Municipal de Agricultura e Desenvolvimento Econ\u00f4mico de Canudos, na pra\u00e7a da Matriz, Centro.&nbsp;<\/p>\n\n\n<div class=\"wp-block-image\">\n<figure class=\"alignleft size-full is-resized\"><img fetchpriority=\"high\" decoding=\"async\" src=\"https:\/\/www.portalalerta.com.br\/wp-content\/uploads\/2021\/04\/ELAB.jpg\" alt=\"\" class=\"wp-image-34795\" width=\"428\" height=\"342\" srcset=\"https:\/\/www.portalalerta.com.br\/wp-content\/uploads\/2021\/04\/ELAB.jpg 1000w, https:\/\/www.portalalerta.com.br\/wp-content\/uploads\/2021\/04\/ELAB-300x240.jpg 300w, https:\/\/www.portalalerta.com.br\/wp-content\/uploads\/2021\/04\/ELAB-768x614.jpg 768w, https:\/\/www.portalalerta.com.br\/wp-content\/uploads\/2021\/04\/ELAB-183x146.jpg 183w, https:\/\/www.portalalerta.com.br\/wp-content\/uploads\/2021\/04\/ELAB-50x40.jpg 50w, https:\/\/www.portalalerta.com.br\/wp-content\/uploads\/2021\/04\/ELAB-94x75.jpg 94w\" sizes=\"(max-width: 428px) 100vw, 428px\" \/><\/figure><\/div>\n\n\n<p>J\u00e1 em S\u00edtio do Quinto, entre os dias 13 e 27 de setembro, uma equipe do Incra estar\u00e1 dispon\u00edvel para receber as documenta\u00e7\u00f5es dos interessados em concorrer \u00e0s 23 vagas do assentamento Ma\u00edra\/Zantinha. A participa\u00e7\u00e3o no processo seletivo \u00e9 efetivada no Sindicato dos Trabalhadores e Trabalhadoras Rurais do munic\u00edpio de S\u00edtio do Quinto, na Rua Sargento Br\u00edgido, n\u00ba 58.&nbsp;<\/p>\n\n\n\n<p>Em ambas as sele\u00e7\u00f5es, o hor\u00e1rio de atendimento \u00e9 das 8h \u00e0s 12h e das 14h \u00e0s 16h, de segunda a sexta-feira.&nbsp;<\/p>\n\n\n\n<p><strong>Documenta\u00e7\u00e3o necess\u00e1ria&nbsp;<\/strong><\/p>\n\n\n\n<p>Os interessados precisam estar inscritos no Cadastro \u00danico (Cad\u00danico) para Programas Sociais do governo federal e devem apresentar os documentos exigidos pelos editais, como Cadastro de Pessoa F\u00edsica (CPF) e documento de identifica\u00e7\u00e3o civil com foto, podendo ser carteira de identidade, de trabalho ou de motorista.&nbsp;<\/p>\n\n\n\n<p>\u00c9 essencial comprovar o estado civil: solteiro, casado, uni\u00e3o est\u00e1vel ou vi\u00favo. A omiss\u00e3o nesse quesito pode levar \u00e0 exclus\u00e3o do processo seletivo.&nbsp;<\/p>\n\n\n\n<p>Tamb\u00e9m s\u00e3o exigidos os extratos do Cadastro Nacional de Informa\u00e7\u00f5es Sociais (CNIS) e do Cad\u00danico. O candidato ainda precisa apresentar os documentos oficiais dos demais membros da unidade familiar.&nbsp;<\/p>\n\n\n\n<p><strong>Crit\u00e9rios de pontua\u00e7\u00e3o&nbsp;<\/strong><\/p>\n\n\n\n<p>A classifica\u00e7\u00e3o do candidato depende da pontua\u00e7\u00e3o obtida. Conta a comprova\u00e7\u00e3o de resid\u00eancia no munic\u00edpio onde est\u00e1 localizado o assentamento ou em munic\u00edpios vizinhos. Quanto mais tempo de resid\u00eancia, mais pontos s\u00e3o recebidos.&nbsp;<\/p>\n\n\n\n<p>A experi\u00eancia no trabalho no campo \u00e9 outro crit\u00e9rio que pode aumentar a pontua\u00e7\u00e3o do candidato, mas \u00e9 necess\u00e1rio comprovar essa experi\u00eancia. Mulheres chefes de fam\u00edlia tamb\u00e9m recebem mais pontos, mediante comprova\u00e7\u00e3o.&nbsp;<\/p>\n\n\n\n<p><strong>Sele\u00e7\u00f5es&nbsp;<\/strong><\/p>\n\n\n\n<p>Esses processos seletivos fazem parte dos 14 certames que est\u00e3o em andamento no Incra para a sele\u00e7\u00e3o de fam\u00edlias a serem assentadas em 427 lotes de reforma agr\u00e1ria na Bahia.&nbsp;<\/p>\n\n\n\n<p>As inscri\u00e7\u00f5es para as demais sele\u00e7\u00f5es ocorreram em agosto e inclu\u00edram \u00e1reas rurais localizadas nas regi\u00f5es do Litoral Sul, Velho Chico, Chapada Diamantina e no munic\u00edpio de Pedro Alexandre.&nbsp;<\/p>\n\n\n\n<p>A previs\u00e3o \u00e9 de que outros processos seletivos sejam abertos at\u00e9 o fim do ano.<\/p>\n\n\n\n<p><strong><em>Fonte: ASCOM\/ Incra Bahia<\/em><\/strong><\/p>\n","protected":false},"excerpt":{"rendered":"<p>As inscri\u00e7\u00f5es est\u00e3o abertas desde esta ter\u00e7a-feira (12) no munic\u00edpio de Canudos e a partir de quarta-feira (13) em S\u00edtio do Quinto. O objetivo \u00e9 selecionar 50 fam\u00edlias para serem assentadas em lotes de reforma agr\u00e1ria de dois assentamentos implantados pelo Instituto Nacional de Coloniza\u00e7\u00e3o e Reforma Agr\u00e1ria (Incra) na Bahia. A participa\u00e7\u00e3o \u00e9 gratuita.&nbsp;<\/p>\n","protected":false},"author":2,"featured_media":51101,"comment_status":"open","ping_status":"open","sticky":false,"template":"","format":"standard","meta":{"om_disable_all_campaigns":false,"_monsterinsights_skip_tracking":false,"_monsterinsights_sitenote_active":false,"_monsterinsights_sitenote_note":"","_monsterinsights_sitenote_category":0,"footnotes":""},"categories":[33,70,69,32,7],"tags":[100,71,48,491,75,4178,4180,129,107,4181,132,230,106,203,120,51,109,6327,88,47,111],"class_list":["post-51100","post","type-post","status-publish","format-standard","has-post-thumbnail","hentry","category-bahia","category-destaques","category-noticias2","category-regiao","category-sitio-do-quinto","tag-adustina","tag-antas","tag-araci","tag-canudos","tag-cicero-dantas","tag-cipo-2","tag-crisopolis-2","tag-euclides-da-cunha","tag-fatima","tag-heliopolis-2","tag-itapicuru","tag-jeremoabo","tag-nova-soure","tag-novo-triunfo","tag-olindina","tag-paripiranga","tag-quijingue","tag-reforma-agraria","tag-ribeira-do-amparo","tag-ribeira-do-pombal","tag-sitio-do-quinto"],"aioseo_notices":[],"_links":{"self":[{"href":"https:\/\/www.portalalerta.com.br\/index.php\/wp-json\/wp\/v2\/posts\/51100","targetHints":{"allow":["GET"]}}],"collection":[{"href":"https:\/\/www.portalalerta.com.br\/index.php\/wp-json\/wp\/v2\/posts"}],"about":[{"href":"https:\/\/www.portalalerta.com.br\/index.php\/wp-json\/wp\/v2\/types\/post"}],"author":[{"embeddable":true,"href":"https:\/\/www.portalalerta.com.br\/index.php\/wp-json\/wp\/v2\/users\/2"}],"replies":[{"embeddable":true,"href":"https:\/\/www.portalalerta.com.br\/index.php\/wp-json\/wp\/v2\/comments?post=51100"}],"version-history":[{"count":1,"href":"https:\/\/www.portalalerta.com.br\/index.php\/wp-json\/wp\/v2\/posts\/51100\/revisions"}],"predecessor-version":[{"id":51102,"href":"https:\/\/www.portalalerta.com.br\/index.php\/wp-json\/wp\/v2\/posts\/51100\/revisions\/51102"}],"wp:featuredmedia":[{"embeddable":true,"href":"https:\/\/www.portalalerta.com.br\/index.php\/wp-json\/wp\/v2\/media\/51101"}],"wp:attachment":[{"href":"https:\/\/www.portalalerta.com.br\/index.php\/wp-json\/wp\/v2\/media?parent=51100"}],"wp:term":[{"taxonomy":"category","embeddable":true,"href":"https:\/\/www.portalalerta.com.br\/index.php\/wp-json\/wp\/v2\/categories?post=51100"},{"taxonomy":"post_tag","embeddable":true,"href":"https:\/\/www.portalalerta.com.br\/index.php\/wp-json\/wp\/v2\/tags?post=51100"}],"curies":[{"name":"wp","href":"https:\/\/api.w.org\/{rel}","templated":true}]}}