{"id":51143,"date":"2023-09-14T16:28:33","date_gmt":"2023-09-14T19:28:33","guid":{"rendered":"https:\/\/www.portalalerta.com.br\/?p=51143"},"modified":"2023-09-14T16:28:35","modified_gmt":"2023-09-14T19:28:35","slug":"policia-prende-envolvido-em-latrocinio-em-nova-soure-ba","status":"publish","type":"post","link":"https:\/\/www.portalalerta.com.br\/index.php\/2023\/09\/14\/policia-prende-envolvido-em-latrocinio-em-nova-soure-ba\/","title":{"rendered":"Pol\u00edcia prende envolvido em latroc\u00ednio em Nova Soure-BA"},"content":{"rendered":"\n<p>Um homem acusado em um latroc\u00ednio [roubo seguido de morte] em&nbsp;<a href=\"https:\/\/www.bahianoticias.com.br\/tags\/nova%20soure\" target=\"_blank\" rel=\"noreferrer noopener\"><strong>Nova Soure<\/strong><\/a>, no Nordeste baiano, foi preso na \u00faltima ter\u00e7a-feira (12). Segundo a Pol\u00edcia Civil, o crime vitimou <strong><a href=\"https:\/\/www.portalalerta.com.br\/index.php\/2023\/07\/26\/nova-soure-ba-volta-a-registrar-mais-um-homicidio-2\/\">Leandro da Cruz Santos, de 34 anos<\/a><\/strong>. O crime ocorreu no dia 24 de julho, no povoado de Bend\u00f3, zona rural do munic\u00edpio. No dia 3 de agosto passado, <strong><a href=\"https:\/\/www.portalalerta.com.br\/index.php\/2023\/08\/06\/acao-conjunta-cumpre-mandado-de-prisao-contra-homem-apontado-como-autor-de-latrocinio-em-nova-soure-ba\/\">outro envolvido no crime tamb\u00e9m foi preso<\/a><\/strong>.<\/p>\n\n\n\n<!--more-->\n\n\n<div class=\"wp-block-image\">\n<figure class=\"alignleft size-full\"><img fetchpriority=\"high\" decoding=\"async\" width=\"400\" height=\"300\" src=\"https:\/\/www.portalalerta.com.br\/wp-content\/uploads\/2023\/01\/Auto-Escola-Sonho.jpg\" alt=\"\" class=\"wp-image-47083\" srcset=\"https:\/\/www.portalalerta.com.br\/wp-content\/uploads\/2023\/01\/Auto-Escola-Sonho.jpg 400w, https:\/\/www.portalalerta.com.br\/wp-content\/uploads\/2023\/01\/Auto-Escola-Sonho-320x240.jpg 320w\" sizes=\"(max-width: 400px) 100vw, 400px\" \/><\/figure><\/div>\n\n\n<p>Ainda segundo a pol\u00edcia, a v\u00edtima foi morta a golpes de faca ap\u00f3s ter a resid\u00eancia invadida pelos acusados, que tomaram o celular de Leandro Santos, al\u00e9m de uma quantia em dinheiro. &nbsp;O mandado de pris\u00e3o foi expedido pela Vara Crime de Nova Soure.<\/p>\n\n\n\n<p>Ap\u00f3s a pris\u00e3o, o acusado foi submetido ao exame de les\u00e3o corporal e segue detido \u00e0 disposi\u00e7\u00e3o da Justi\u00e7a. Ele deve ser encaminhado ainda para um pres\u00eddio. A investiga\u00e7\u00e3o ter\u00e1 desdobramento para identificar e localizar outros envolvidos na a\u00e7\u00e3o criminosa.<\/p>\n\n\n\n<p><em>Fonte: Bahia Not\u00edcias<\/em><\/p>\n","protected":false},"excerpt":{"rendered":"<p>Um homem acusado em um latroc\u00ednio [roubo seguido de morte] em&nbsp;Nova Soure, no Nordeste baiano, foi preso na \u00faltima ter\u00e7a-feira (12). Segundo a Pol\u00edcia Civil, o crime vitimou Leandro da Cruz Santos, de 34 anos. O crime ocorreu no dia 24 de julho, no povoado de Bend\u00f3, zona rural do munic\u00edpio. No dia 3 de &hellip;<\/p>\n","protected":false},"author":2,"featured_media":20567,"comment_status":"open","ping_status":"open","sticky":false,"template":"","format":"standard","meta":{"om_disable_all_campaigns":false,"_monsterinsights_skip_tracking":false,"_monsterinsights_sitenote_active":false,"_monsterinsights_sitenote_note":"","_monsterinsights_sitenote_category":0,"footnotes":""},"categories":[70,69,14,32,22],"tags":[100,71,48,75,4178,4180,129,107,4181,132,230,1547,488,106,203,120,51,122,77,109,88,47,111],"class_list":["post-51143","post","type-post","status-publish","format-standard","has-post-thumbnail","hentry","category-destaques","category-noticias2","category-nova-soure","category-regiao","category-seguranca","tag-adustina","tag-antas","tag-araci","tag-cicero-dantas","tag-cipo-2","tag-crisopolis-2","tag-euclides-da-cunha","tag-fatima","tag-heliopolis-2","tag-itapicuru","tag-jeremoabo","tag-latrocinio","tag-mandado-de-prisao","tag-nova-soure","tag-novo-triunfo","tag-olindina","tag-paripiranga","tag-policia-civil","tag-preso","tag-quijingue","tag-ribeira-do-amparo","tag-ribeira-do-pombal","tag-sitio-do-quinto"],"aioseo_notices":[],"_links":{"self":[{"href":"https:\/\/www.portalalerta.com.br\/index.php\/wp-json\/wp\/v2\/posts\/51143","targetHints":{"allow":["GET"]}}],"collection":[{"href":"https:\/\/www.portalalerta.com.br\/index.php\/wp-json\/wp\/v2\/posts"}],"about":[{"href":"https:\/\/www.portalalerta.com.br\/index.php\/wp-json\/wp\/v2\/types\/post"}],"author":[{"embeddable":true,"href":"https:\/\/www.portalalerta.com.br\/index.php\/wp-json\/wp\/v2\/users\/2"}],"replies":[{"embeddable":true,"href":"https:\/\/www.portalalerta.com.br\/index.php\/wp-json\/wp\/v2\/comments?post=51143"}],"version-history":[{"count":1,"href":"https:\/\/www.portalalerta.com.br\/index.php\/wp-json\/wp\/v2\/posts\/51143\/revisions"}],"predecessor-version":[{"id":51144,"href":"https:\/\/www.portalalerta.com.br\/index.php\/wp-json\/wp\/v2\/posts\/51143\/revisions\/51144"}],"wp:featuredmedia":[{"embeddable":true,"href":"https:\/\/www.portalalerta.com.br\/index.php\/wp-json\/wp\/v2\/media\/20567"}],"wp:attachment":[{"href":"https:\/\/www.portalalerta.com.br\/index.php\/wp-json\/wp\/v2\/media?parent=51143"}],"wp:term":[{"taxonomy":"category","embeddable":true,"href":"https:\/\/www.portalalerta.com.br\/index.php\/wp-json\/wp\/v2\/categories?post=51143"},{"taxonomy":"post_tag","embeddable":true,"href":"https:\/\/www.portalalerta.com.br\/index.php\/wp-json\/wp\/v2\/tags?post=51143"}],"curies":[{"name":"wp","href":"https:\/\/api.w.org\/{rel}","templated":true}]}}