{"id":51157,"date":"2023-09-15T11:46:04","date_gmt":"2023-09-15T14:46:04","guid":{"rendered":"https:\/\/www.portalalerta.com.br\/?p=51157"},"modified":"2023-09-15T11:46:06","modified_gmt":"2023-09-15T14:46:06","slug":"sob-vaias-vereadores-aprovam-novo-projeto-que-autoriza-prefeita-de-araci-ba-pagar-somente-valor-principal-do-precatorio","status":"publish","type":"post","link":"https:\/\/www.portalalerta.com.br\/index.php\/2023\/09\/15\/sob-vaias-vereadores-aprovam-novo-projeto-que-autoriza-prefeita-de-araci-ba-pagar-somente-valor-principal-do-precatorio\/","title":{"rendered":"Sob vaias, vereadores aprovam novo projeto que autoriza prefeita de Araci-BA pagar somente valor principal do precat\u00f3rio"},"content":{"rendered":"\n<p>Vereadores de Araci-BA, aprovaram um novo projeto que autoriza a prefeita pagar somente o valor principal do precat\u00f3rio do FUNDEF (Fundo de Manuten\u00e7\u00e3o e Desenvolvimento do Ensino Fundamental). A aprova\u00e7\u00e3o do projeto foi feita em meio a uma manifesta\u00e7\u00e3o de professores que lotaram a C\u00e2mara de Vereadores e vaiaram os edis a cada voto que era dado contra a categoria.<\/p>\n\n\n\n<!--more-->\n\n\n<div class=\"wp-block-image\">\n<figure class=\"alignleft size-full is-resized\"><img fetchpriority=\"high\" decoding=\"async\" src=\"https:\/\/www.portalalerta.com.br\/wp-content\/uploads\/2022\/03\/Cred-Real.1.jpg\" alt=\"\" class=\"wp-image-41523\" width=\"472\" height=\"378\" srcset=\"https:\/\/www.portalalerta.com.br\/wp-content\/uploads\/2022\/03\/Cred-Real.1.jpg 500w, https:\/\/www.portalalerta.com.br\/wp-content\/uploads\/2022\/03\/Cred-Real.1-300x240.jpg 300w, https:\/\/www.portalalerta.com.br\/wp-content\/uploads\/2022\/03\/Cred-Real.1-183x146.jpg 183w, https:\/\/www.portalalerta.com.br\/wp-content\/uploads\/2022\/03\/Cred-Real.1-50x40.jpg 50w, https:\/\/www.portalalerta.com.br\/wp-content\/uploads\/2022\/03\/Cred-Real.1-94x75.jpg 94w\" sizes=\"(max-width: 472px) 100vw, 472px\" \/><\/figure><\/div>\n\n\n<p>Ao todo foram 13 votos a favor e 1 contra. O Projeto de Lei 25\/2023 de autoria do Executivo aprovado nesta quinta-feira (14\/09) revoga o \u00faltimo PL 024\/2022 aprovado na sess\u00e3o do dia 13 de dezembro de 2022 e que dava em sua totalidade os rendimentos junto ao valor principal a categoria.<\/p>\n\n\n\n<p>O novo projeto regulamenta os crit\u00e9rios para a divis\u00e3o dos recursos do FUNDEF que dever\u00e3o ser rateados entre os profissionais do magist\u00e9rio apenas o valor principal. A proposta segue agora para san\u00e7\u00e3o da prefeita.<\/p>\n\n\n\n<p><em>Fonte: A Voz do Campo<\/em><\/p>\n","protected":false},"excerpt":{"rendered":"<p>Vereadores de Araci-BA, aprovaram um novo projeto que autoriza a prefeita pagar somente o valor principal do precat\u00f3rio do FUNDEF (Fundo de Manuten\u00e7\u00e3o e Desenvolvimento do Ensino Fundamental). A aprova\u00e7\u00e3o do projeto foi feita em meio a uma manifesta\u00e7\u00e3o de professores que lotaram a C\u00e2mara de Vereadores e vaiaram os edis a cada voto que &hellip;<\/p>\n","protected":false},"author":2,"featured_media":51158,"comment_status":"open","ping_status":"open","sticky":false,"template":"","format":"standard","meta":{"om_disable_all_campaigns":false,"_monsterinsights_skip_tracking":false,"_monsterinsights_sitenote_active":false,"_monsterinsights_sitenote_note":"","_monsterinsights_sitenote_category":0,"footnotes":""},"categories":[41,70,20,69,32],"tags":[100,71,48,211,75,4178,4180,129,107,1319,4181,132,230,106,203,120,51,1318,109,88,47,111,135],"class_list":["post-51157","post","type-post","status-publish","format-standard","has-post-thumbnail","hentry","category-araci","category-destaques","category-educacao","category-noticias2","category-regiao","tag-adustina","tag-antas","tag-araci","tag-camara-de-vereadores","tag-cicero-dantas","tag-cipo-2","tag-crisopolis-2","tag-euclides-da-cunha","tag-fatima","tag-fundef","tag-heliopolis-2","tag-itapicuru","tag-jeremoabo","tag-nova-soure","tag-novo-triunfo","tag-olindina","tag-paripiranga","tag-precatorios","tag-quijingue","tag-ribeira-do-amparo","tag-ribeira-do-pombal","tag-sitio-do-quinto","tag-vereadores"],"aioseo_notices":[],"_links":{"self":[{"href":"https:\/\/www.portalalerta.com.br\/index.php\/wp-json\/wp\/v2\/posts\/51157","targetHints":{"allow":["GET"]}}],"collection":[{"href":"https:\/\/www.portalalerta.com.br\/index.php\/wp-json\/wp\/v2\/posts"}],"about":[{"href":"https:\/\/www.portalalerta.com.br\/index.php\/wp-json\/wp\/v2\/types\/post"}],"author":[{"embeddable":true,"href":"https:\/\/www.portalalerta.com.br\/index.php\/wp-json\/wp\/v2\/users\/2"}],"replies":[{"embeddable":true,"href":"https:\/\/www.portalalerta.com.br\/index.php\/wp-json\/wp\/v2\/comments?post=51157"}],"version-history":[{"count":1,"href":"https:\/\/www.portalalerta.com.br\/index.php\/wp-json\/wp\/v2\/posts\/51157\/revisions"}],"predecessor-version":[{"id":51159,"href":"https:\/\/www.portalalerta.com.br\/index.php\/wp-json\/wp\/v2\/posts\/51157\/revisions\/51159"}],"wp:featuredmedia":[{"embeddable":true,"href":"https:\/\/www.portalalerta.com.br\/index.php\/wp-json\/wp\/v2\/media\/51158"}],"wp:attachment":[{"href":"https:\/\/www.portalalerta.com.br\/index.php\/wp-json\/wp\/v2\/media?parent=51157"}],"wp:term":[{"taxonomy":"category","embeddable":true,"href":"https:\/\/www.portalalerta.com.br\/index.php\/wp-json\/wp\/v2\/categories?post=51157"},{"taxonomy":"post_tag","embeddable":true,"href":"https:\/\/www.portalalerta.com.br\/index.php\/wp-json\/wp\/v2\/tags?post=51157"}],"curies":[{"name":"wp","href":"https:\/\/api.w.org\/{rel}","templated":true}]}}