{"id":51160,"date":"2023-09-15T15:16:05","date_gmt":"2023-09-15T18:16:05","guid":{"rendered":"https:\/\/www.portalalerta.com.br\/?p=51160"},"modified":"2023-09-15T15:16:07","modified_gmt":"2023-09-15T18:16:07","slug":"camara-aprova-projeto-para-compensar-estados-e-municipios-por-queda-de-arrecadacao-no-icms","status":"publish","type":"post","link":"https:\/\/www.portalalerta.com.br\/index.php\/2023\/09\/15\/camara-aprova-projeto-para-compensar-estados-e-municipios-por-queda-de-arrecadacao-no-icms\/","title":{"rendered":"C\u00e2mara aprova projeto para compensar estados e munic\u00edpios por queda de arrecada\u00e7\u00e3o no ICMS"},"content":{"rendered":"\n<p>O projeto de lei que prev\u00ea o repasse de R$ 27 bilh\u00f5es da Uni\u00e3o para os estados e munic\u00edpios do pa\u00eds foi aprovado nesta quinta-feira (14), na C\u00e2mara dos Deputados. A inten\u00e7\u00e3o \u00e9 compensar as gest\u00f5es municipais e estaduais pela queda de arrecada\u00e7\u00e3o no Imposto sobre Circula\u00e7\u00e3o de Mercadorias e Servi\u00e7os (ICMS).<\/p>\n\n\n\n<!--more-->\n\n\n<div class=\"wp-block-image\">\n<figure class=\"alignleft size-full is-resized\"><img fetchpriority=\"high\" decoding=\"async\" src=\"https:\/\/www.portalalerta.com.br\/wp-content\/uploads\/2021\/04\/ELAB.jpg\" alt=\"\" class=\"wp-image-34795\" width=\"440\" height=\"351\" srcset=\"https:\/\/www.portalalerta.com.br\/wp-content\/uploads\/2021\/04\/ELAB.jpg 1000w, https:\/\/www.portalalerta.com.br\/wp-content\/uploads\/2021\/04\/ELAB-300x240.jpg 300w, https:\/\/www.portalalerta.com.br\/wp-content\/uploads\/2021\/04\/ELAB-768x614.jpg 768w, https:\/\/www.portalalerta.com.br\/wp-content\/uploads\/2021\/04\/ELAB-183x146.jpg 183w, https:\/\/www.portalalerta.com.br\/wp-content\/uploads\/2021\/04\/ELAB-50x40.jpg 50w, https:\/\/www.portalalerta.com.br\/wp-content\/uploads\/2021\/04\/ELAB-94x75.jpg 94w\" sizes=\"(max-width: 440px) 100vw, 440px\" \/><\/figure><\/div>\n\n\n<p>Com relatoria do deputado Zeca Dirceu (PT-PR), a proposta prev\u00ea esse repasse at\u00e9 2026. Nos \u00faltimos dias, prefeitos de todo o pa\u00eds estavam protestando por conta da queda nos repasses do Fundo de Participa\u00e7\u00e3o dos Munic\u00edpios (FPM). Na Bahia, 318 munic\u00edpios chegaram a ter as atividades administrativas paralisadas no \u00faltimo dia 30 de agosto em fun\u00e7\u00e3o dessa mobiliza\u00e7\u00e3o.<\/p>\n\n\n\n<p>Na \u00faltima ter\u00e7a-feira (12), o ministro Alexandre Padilha, de Rela\u00e7\u00f5es Institucionais, j\u00e1 havia anunciado que o governo adiantaria para este ano o repasse de cerca de R$ 10 bilh\u00f5es em recursos destinados \u00e0 compensa\u00e7\u00e3o. Esse valor estava previsto para ser transferido apenas em 2024, mas a antecipa\u00e7\u00e3o dependia apenas da aprova\u00e7\u00e3o dos deputados, que aconteceu nesta quinta. Desse total, R$ 2,3 bilh\u00f5es ser\u00e3o destinados ao FPM e o restante para os estados.<\/p>\n\n\n\n<p><em>Fonte: Metro1<\/em><\/p>\n","protected":false},"excerpt":{"rendered":"<p>O projeto de lei que prev\u00ea o repasse de R$ 27 bilh\u00f5es da Uni\u00e3o para os estados e munic\u00edpios do pa\u00eds foi aprovado nesta quinta-feira (14), na C\u00e2mara dos Deputados. A inten\u00e7\u00e3o \u00e9 compensar as gest\u00f5es municipais e estaduais pela queda de arrecada\u00e7\u00e3o no Imposto sobre Circula\u00e7\u00e3o de Mercadorias e Servi\u00e7os (ICMS).<\/p>\n","protected":false},"author":2,"featured_media":51161,"comment_status":"open","ping_status":"open","sticky":false,"template":"","format":"standard","meta":{"om_disable_all_campaigns":false,"_monsterinsights_skip_tracking":false,"_monsterinsights_sitenote_active":false,"_monsterinsights_sitenote_note":"","_monsterinsights_sitenote_category":0,"footnotes":""},"categories":[34,70,69,21],"tags":[100,71,48,93,186,75,4178,4180,129,107,1943,4181,596,132,230,106,203,120,51,109,88,47,111],"class_list":["post-51160","post","type-post","status-publish","format-standard","has-post-thumbnail","hentry","category-brasil","category-destaques","category-noticias2","category-politica","tag-adustina","tag-antas","tag-araci","tag-brasil","tag-camara-dos-deputados","tag-cicero-dantas","tag-cipo-2","tag-crisopolis-2","tag-euclides-da-cunha","tag-fatima","tag-fpm","tag-heliopolis-2","tag-icms","tag-itapicuru","tag-jeremoabo","tag-nova-soure","tag-novo-triunfo","tag-olindina","tag-paripiranga","tag-quijingue","tag-ribeira-do-amparo","tag-ribeira-do-pombal","tag-sitio-do-quinto"],"aioseo_notices":[],"_links":{"self":[{"href":"https:\/\/www.portalalerta.com.br\/index.php\/wp-json\/wp\/v2\/posts\/51160","targetHints":{"allow":["GET"]}}],"collection":[{"href":"https:\/\/www.portalalerta.com.br\/index.php\/wp-json\/wp\/v2\/posts"}],"about":[{"href":"https:\/\/www.portalalerta.com.br\/index.php\/wp-json\/wp\/v2\/types\/post"}],"author":[{"embeddable":true,"href":"https:\/\/www.portalalerta.com.br\/index.php\/wp-json\/wp\/v2\/users\/2"}],"replies":[{"embeddable":true,"href":"https:\/\/www.portalalerta.com.br\/index.php\/wp-json\/wp\/v2\/comments?post=51160"}],"version-history":[{"count":1,"href":"https:\/\/www.portalalerta.com.br\/index.php\/wp-json\/wp\/v2\/posts\/51160\/revisions"}],"predecessor-version":[{"id":51162,"href":"https:\/\/www.portalalerta.com.br\/index.php\/wp-json\/wp\/v2\/posts\/51160\/revisions\/51162"}],"wp:featuredmedia":[{"embeddable":true,"href":"https:\/\/www.portalalerta.com.br\/index.php\/wp-json\/wp\/v2\/media\/51161"}],"wp:attachment":[{"href":"https:\/\/www.portalalerta.com.br\/index.php\/wp-json\/wp\/v2\/media?parent=51160"}],"wp:term":[{"taxonomy":"category","embeddable":true,"href":"https:\/\/www.portalalerta.com.br\/index.php\/wp-json\/wp\/v2\/categories?post=51160"},{"taxonomy":"post_tag","embeddable":true,"href":"https:\/\/www.portalalerta.com.br\/index.php\/wp-json\/wp\/v2\/tags?post=51160"}],"curies":[{"name":"wp","href":"https:\/\/api.w.org\/{rel}","templated":true}]}}