{"id":51169,"date":"2023-09-15T16:56:08","date_gmt":"2023-09-15T19:56:08","guid":{"rendered":"https:\/\/www.portalalerta.com.br\/?p=51169"},"modified":"2023-09-15T16:56:10","modified_gmt":"2023-09-15T19:56:10","slug":"guardas-municipais-marcam-presenca-na-sessao-da-camara-municipal-de-vereadores-de-ribeira-do-pombal-ba","status":"publish","type":"post","link":"https:\/\/www.portalalerta.com.br\/index.php\/2023\/09\/15\/guardas-municipais-marcam-presenca-na-sessao-da-camara-municipal-de-vereadores-de-ribeira-do-pombal-ba\/","title":{"rendered":"Guardas Municipais marcam presen\u00e7a na sess\u00e3o da C\u00e2mara Municipal de vereadores de Ribeira do Pombal-BA"},"content":{"rendered":"\n<p>Representantes do Sindicato dos Guardas Civis Municipais do estado da Bahia (SINDGUARDAS\/BA) se reuniram na noite da \u00faltima quinta-feira (14), com os Guardas Civis Municipais da cidade de Ribeira do Pombal-BA na c\u00e2mara de vereadores.<\/p>\n\n\n\n<!--more-->\n\n\n<div class=\"wp-block-image\">\n<figure class=\"alignleft size-full is-resized\"><img fetchpriority=\"high\" decoding=\"async\" src=\"https:\/\/www.portalalerta.com.br\/wp-content\/uploads\/2022\/03\/Cred-Real.1.jpg\" alt=\"\" class=\"wp-image-41523\" width=\"430\" height=\"344\" srcset=\"https:\/\/www.portalalerta.com.br\/wp-content\/uploads\/2022\/03\/Cred-Real.1.jpg 500w, https:\/\/www.portalalerta.com.br\/wp-content\/uploads\/2022\/03\/Cred-Real.1-300x240.jpg 300w, https:\/\/www.portalalerta.com.br\/wp-content\/uploads\/2022\/03\/Cred-Real.1-183x146.jpg 183w, https:\/\/www.portalalerta.com.br\/wp-content\/uploads\/2022\/03\/Cred-Real.1-50x40.jpg 50w, https:\/\/www.portalalerta.com.br\/wp-content\/uploads\/2022\/03\/Cred-Real.1-94x75.jpg 94w\" sizes=\"(max-width: 430px) 100vw, 430px\" \/><\/figure><\/div>\n\n\n<p>No encontro, foram apresentados diversos pleitos da categoria dos Guardas Civis Municipais, entre elas, a aprova\u00e7\u00e3o do Plano de Cargos e sal\u00e1rio, pois \u00e9 um anseio de toda a categoria aprova\u00e7\u00e3o do PCCS j\u00e1! Os Guardas seguem em campanha em prol do Plano de Carreira, Cargos e Sal\u00e1rios manteremos nossa agenda a das atividades da classe nos dias 20, 25 e 29 do corrente m\u00eas conforme descrito abaixo:<br><br><strong>\u2022Dia 20 entrevista da Diretoria do SINDGUARDAS-BA na emissora de r\u00e1dio;<br><br><br>\u2022Dia 25, ato pac\u00edfico da categoria no pr\u00e9dio da prefeitura de Ribeira do Pombal \u00e0s 10h.<br><br><br>\u2022Dia 29, ato pac\u00edfico nas avenidas e feira livre da cidade de Ribeira do Pombal.<br><\/strong><br><em>Fonte: Sidguardas-Bahia<\/em><\/p>\n","protected":false},"excerpt":{"rendered":"<p>Representantes do Sindicato dos Guardas Civis Municipais do estado da Bahia (SINDGUARDAS\/BA) se reuniram na noite da \u00faltima quinta-feira (14), com os Guardas Civis Municipais da cidade de Ribeira do Pombal-BA na c\u00e2mara de vereadores.<\/p>\n","protected":false},"author":2,"featured_media":51170,"comment_status":"open","ping_status":"open","sticky":false,"template":"","format":"standard","meta":{"om_disable_all_campaigns":false,"_monsterinsights_skip_tracking":false,"_monsterinsights_sitenote_active":false,"_monsterinsights_sitenote_note":"","_monsterinsights_sitenote_category":0,"footnotes":""},"categories":[70,69,21,32,3,22],"tags":[100,71,48,211,6330,75,4178,4180,129,107,313,4181,132,230,106,203,120,51,4431,109,88,47,6328,715,111,135],"class_list":["post-51169","post","type-post","status-publish","format-standard","has-post-thumbnail","hentry","category-destaques","category-noticias2","category-politica","category-regiao","category-ribeira-do-pombal","category-seguranca","tag-adustina","tag-antas","tag-araci","tag-camara-de-vereadores","tag-cargos-e-salarios","tag-cicero-dantas","tag-cipo-2","tag-crisopolis-2","tag-euclides-da-cunha","tag-fatima","tag-gcm","tag-heliopolis-2","tag-itapicuru","tag-jeremoabo","tag-nova-soure","tag-novo-triunfo","tag-olindina","tag-paripiranga","tag-plano-de-carreira","tag-quijingue","tag-ribeira-do-amparo","tag-ribeira-do-pombal","tag-sindguardas","tag-sindicato","tag-sitio-do-quinto","tag-vereadores"],"aioseo_notices":[],"_links":{"self":[{"href":"https:\/\/www.portalalerta.com.br\/index.php\/wp-json\/wp\/v2\/posts\/51169","targetHints":{"allow":["GET"]}}],"collection":[{"href":"https:\/\/www.portalalerta.com.br\/index.php\/wp-json\/wp\/v2\/posts"}],"about":[{"href":"https:\/\/www.portalalerta.com.br\/index.php\/wp-json\/wp\/v2\/types\/post"}],"author":[{"embeddable":true,"href":"https:\/\/www.portalalerta.com.br\/index.php\/wp-json\/wp\/v2\/users\/2"}],"replies":[{"embeddable":true,"href":"https:\/\/www.portalalerta.com.br\/index.php\/wp-json\/wp\/v2\/comments?post=51169"}],"version-history":[{"count":1,"href":"https:\/\/www.portalalerta.com.br\/index.php\/wp-json\/wp\/v2\/posts\/51169\/revisions"}],"predecessor-version":[{"id":51171,"href":"https:\/\/www.portalalerta.com.br\/index.php\/wp-json\/wp\/v2\/posts\/51169\/revisions\/51171"}],"wp:featuredmedia":[{"embeddable":true,"href":"https:\/\/www.portalalerta.com.br\/index.php\/wp-json\/wp\/v2\/media\/51170"}],"wp:attachment":[{"href":"https:\/\/www.portalalerta.com.br\/index.php\/wp-json\/wp\/v2\/media?parent=51169"}],"wp:term":[{"taxonomy":"category","embeddable":true,"href":"https:\/\/www.portalalerta.com.br\/index.php\/wp-json\/wp\/v2\/categories?post=51169"},{"taxonomy":"post_tag","embeddable":true,"href":"https:\/\/www.portalalerta.com.br\/index.php\/wp-json\/wp\/v2\/tags?post=51169"}],"curies":[{"name":"wp","href":"https:\/\/api.w.org\/{rel}","templated":true}]}}